{"id":2020,"date":"2025-06-23T18:42:54","date_gmt":"2025-06-23T23:42:54","guid":{"rendered":"https:\/\/ucentral.org\/informativo\/?p=2020"},"modified":"2025-06-24T13:52:05","modified_gmt":"2025-06-24T18:52:05","slug":"ucetech-uniendo-fuerzas-entre-facultades-para-impulsar-la-innovacion-en-la-universidad-central-del-ecuador","status":"publish","type":"post","link":"https:\/\/ucentral.org\/informativo\/index.php\/2025\/06\/23\/ucetech-uniendo-fuerzas-entre-facultades-para-impulsar-la-innovacion-en-la-universidad-central-del-ecuador\/","title":{"rendered":"UCETech: uniendo fuerzas entre Facultades para impulsar la innovaci\u00f3n en la Universidad Central del Ecuador"},"content":{"rendered":"\n<p>El proyecto <strong>UCETech (Parque de Innovaci\u00f3n Acad\u00e9mica y Tecnol\u00f3gica de la Universidad Central del Ecuador)<\/strong> sigue avanzando con pasos firmes hacia la consolidaci\u00f3n de un espacio pionero en innovaci\u00f3n y tecnolog\u00eda. <strong>Tras la inauguraci\u00f3n en abril del UCEMPDA (Centro de Monitoreo y Procesamiento de Datos Agr\u00edcolas de UCETech)<\/strong>, impulsado por nuestras <strong>Autoridades universitarias<\/strong>, la <strong>Facultad de Ciencias<\/strong> y la <strong>Facultad de Ciencias Agr\u00edcolas<\/strong>, el proyecto ha recibido un nuevo impulso. La<strong> Facultad de Arquitectura<\/strong>, bajo el liderazgo del <strong>Arq. Sergio Bermeo<\/strong> y con la participaci\u00f3n activa de <strong>estudiantes de 5.\u00ba semestre de Dise\u00f1o Arquitect\u00f3nico<\/strong>, present\u00f3 a la <strong>Vicerrectora Acad\u00e9mica y de Posgrados, Dra. Julieta Logro\u00f1o<\/strong>, y al <strong>Ing. Franz Del Pozo, Decano de la Facultad de Ciencias<\/strong>, la conceptualizaci\u00f3n y posibles ubicaciones para la construcci\u00f3n del edificio de <strong>UCETech<\/strong> dentro del campus principal.<\/p>\n\n\n\n<p>Esta colaboraci\u00f3n entre Facultades destaca el compromiso de la Universidad Central del Ecuador con la innovaci\u00f3n y el desarrollo tecnol\u00f3gico, integrando el talento y la creatividad de sus estudiantes y docentes. La presentaci\u00f3n no solo mostr\u00f3 el potencial arquitect\u00f3nico del futuro edificio, sino que tambi\u00e9n subray\u00f3 la importancia de crear espacios que fomenten la investigaci\u00f3n y el desarrollo tecnol\u00f3gico en beneficio de la comunidad acad\u00e9mica y la sociedad en general. <\/p>\n\n\n\n<p class=\"has-text-align-center has-vivid-cyan-blue-color has-text-color has-link-color has-medium-font-size wp-elements-323a1a845488942fe7e4312f9423b8cc\"><strong>UCETech<\/strong> se perfila as\u00ed como un proyecto emblem\u00e1tico que fortalecer\u00e1 la capacidad de la universidad para liderar en \u00e1reas estrat\u00e9gicas de innovaci\u00f3n y emprendimientos.<\/p>\n\n\n\n<figure class=\"wp-block-gallery has-nested-images columns-default is-cropped wp-block-gallery-1 is-layout-flex wp-block-gallery-is-layout-flex\">\n<figure class=\"wp-block-image size-large\"><img loading=\"lazy\" decoding=\"async\" width=\"1024\" height=\"576\" data-id=\"2023\" src=\"https:\/\/ucentral.org\/informativo\/wp-content\/uploads\/2025\/06\/UCETechReunion04-1024x576.jpg\" alt=\"\" class=\"wp-image-2023\" srcset=\"https:\/\/ucentral.org\/informativo\/wp-content\/uploads\/2025\/06\/UCETechReunion04-1024x576.jpg 1024w, https:\/\/ucentral.org\/informativo\/wp-content\/uploads\/2025\/06\/UCETechReunion04-300x169.jpg 300w, https:\/\/ucentral.org\/informativo\/wp-content\/uploads\/2025\/06\/UCETechReunion04-768x432.jpg 768w, https:\/\/ucentral.org\/informativo\/wp-content\/uploads\/2025\/06\/UCETechReunion04-1536x864.jpg 1536w, https:\/\/ucentral.org\/informativo\/wp-content\/uploads\/2025\/06\/UCETechReunion04-555x311.jpg 555w, https:\/\/ucentral.org\/informativo\/wp-content\/uploads\/2025\/06\/UCETechReunion04.jpg 1600w\" sizes=\"auto, (max-width: 1024px) 100vw, 1024px\" \/><\/figure>\n\n\n\n<figure class=\"wp-block-image size-large\"><img loading=\"lazy\" decoding=\"async\" width=\"1024\" height=\"521\" data-id=\"2022\" src=\"https:\/\/ucentral.org\/informativo\/wp-content\/uploads\/2025\/06\/UCETechReunion03-1024x521.jpg\" alt=\"\" class=\"wp-image-2022\" srcset=\"https:\/\/ucentral.org\/informativo\/wp-content\/uploads\/2025\/06\/UCETechReunion03-1024x521.jpg 1024w, https:\/\/ucentral.org\/informativo\/wp-content\/uploads\/2025\/06\/UCETechReunion03-300x153.jpg 300w, https:\/\/ucentral.org\/informativo\/wp-content\/uploads\/2025\/06\/UCETechReunion03-768x391.jpg 768w, https:\/\/ucentral.org\/informativo\/wp-content\/uploads\/2025\/06\/UCETechReunion03.jpg 1134w\" sizes=\"auto, (max-width: 1024px) 100vw, 1024px\" \/><\/figure>\n\n\n\n<figure class=\"wp-block-image size-large\"><img loading=\"lazy\" decoding=\"async\" width=\"1024\" height=\"811\" data-id=\"2021\" src=\"https:\/\/ucentral.org\/informativo\/wp-content\/uploads\/2025\/06\/UCETechReunion02-1024x811.jpg\" alt=\"\" class=\"wp-image-2021\" srcset=\"https:\/\/ucentral.org\/informativo\/wp-content\/uploads\/2025\/06\/UCETechReunion02-1024x811.jpg 1024w, https:\/\/ucentral.org\/informativo\/wp-content\/uploads\/2025\/06\/UCETechReunion02-300x238.jpg 300w, https:\/\/ucentral.org\/informativo\/wp-content\/uploads\/2025\/06\/UCETechReunion02-768x608.jpg 768w, https:\/\/ucentral.org\/informativo\/wp-content\/uploads\/2025\/06\/UCETechReunion02-1536x1216.jpg 1536w, https:\/\/ucentral.org\/informativo\/wp-content\/uploads\/2025\/06\/UCETechReunion02.jpg 1600w\" sizes=\"auto, (max-width: 1024px) 100vw, 1024px\" \/><\/figure>\n<\/figure>\n","protected":false},"excerpt":{"rendered":"<p>El proyecto UCETech (Parque de Innovaci\u00f3n Acad\u00e9mica y Tecnol\u00f3gica de la Universidad Central del Ecuador) sigue avanzando con pasos firmes hacia la consolidaci\u00f3n de un espacio pionero en innovaci\u00f3n y tecnolog\u00eda. Tras la inauguraci\u00f3n en abril del UCEMPDA (Centro de Monitoreo y Procesamiento de Datos Agr\u00edcolas de UCETech), impulsado por nuestras Autoridades universitarias, la Facultad [&hellip;]<\/p>\n","protected":false},"author":2,"featured_media":2021,"comment_status":"closed","ping_status":"closed","sticky":false,"template":"","format":"standard","meta":{"footnotes":""},"categories":[164,6,384],"tags":[324,334],"class_list":["post-2020","post","type-post","status-publish","format-standard","has-post-thumbnail","hentry","category-eventos","category-noticias","category-ucetech","tag-fau","tag-ucetech"],"_links":{"self":[{"href":"https:\/\/ucentral.org\/informativo\/index.php\/wp-json\/wp\/v2\/posts\/2020","targetHints":{"allow":["GET"]}}],"collection":[{"href":"https:\/\/ucentral.org\/informativo\/index.php\/wp-json\/wp\/v2\/posts"}],"about":[{"href":"https:\/\/ucentral.org\/informativo\/index.php\/wp-json\/wp\/v2\/types\/post"}],"author":[{"embeddable":true,"href":"https:\/\/ucentral.org\/informativo\/index.php\/wp-json\/wp\/v2\/users\/2"}],"replies":[{"embeddable":true,"href":"https:\/\/ucentral.org\/informativo\/index.php\/wp-json\/wp\/v2\/comments?post=2020"}],"version-history":[{"count":3,"href":"https:\/\/ucentral.org\/informativo\/index.php\/wp-json\/wp\/v2\/posts\/2020\/revisions"}],"predecessor-version":[{"id":2026,"href":"https:\/\/ucentral.org\/informativo\/index.php\/wp-json\/wp\/v2\/posts\/2020\/revisions\/2026"}],"wp:featuredmedia":[{"embeddable":true,"href":"https:\/\/ucentral.org\/informativo\/index.php\/wp-json\/wp\/v2\/media\/2021"}],"wp:attachment":[{"href":"https:\/\/ucentral.org\/informativo\/index.php\/wp-json\/wp\/v2\/media?parent=2020"}],"wp:term":[{"taxonomy":"category","embeddable":true,"href":"https:\/\/ucentral.org\/informativo\/index.php\/wp-json\/wp\/v2\/categories?post=2020"},{"taxonomy":"post_tag","embeddable":true,"href":"https:\/\/ucentral.org\/informativo\/index.php\/wp-json\/wp\/v2\/tags?post=2020"}],"curies":[{"name":"wp","href":"https:\/\/api.w.org\/{rel}","templated":true}]}}