{"id":2030,"date":"2025-06-26T14:20:27","date_gmt":"2025-06-26T19:20:27","guid":{"rendered":"https:\/\/ucentral.org\/informativo\/?p=2030"},"modified":"2025-06-26T14:34:05","modified_gmt":"2025-06-26T19:34:05","slug":"fcepmapsconvenio25","status":"publish","type":"post","link":"https:\/\/ucentral.org\/informativo\/index.php\/2025\/06\/26\/fcepmapsconvenio25\/","title":{"rendered":"Facultad de Ciencias de la UCE y EPMAPS acuerdan alianza estrat\u00e9gica para proyectos de investigaci\u00f3n e innovaci\u00f3n"},"content":{"rendered":"\n<p>En un acuerdo que refuerza el v\u00ednculo entre la academia y los servicios p\u00fablicos, la <strong>Facultad de Ciencias de la Universidad Central del Ecuador<\/strong> y la <strong>Empresa P\u00fablica Metropolitana de Agua Potable y Saneamiento (EPMAPS)<\/strong> firmaron un convenio de cooperaci\u00f3n interinstitucional. Este acuerdo permitir\u00e1 el desarrollo conjunto de proyectos de investigaci\u00f3n, innovaci\u00f3n tecnol\u00f3gica y vinculaci\u00f3n con la sociedad, enfocados en la gesti\u00f3n del agua potable y el saneamiento en el Distrito Metropolitano de Quito.<\/p>\n\n\n\n<p>El acuerdo de cooperaci\u00f3n, firmado por el <strong>Decano de la Facultad de Ciencias, Franz Eduardo Del Pozo S\u00e1nchez<\/strong>, y la <strong>Gerente General subrogante de EPMAPS, Ver\u00f3nica S\u00e1nchez Hidalgo<\/strong>, establece un marco colaborativo fomentando la participaci\u00f3n de estudiantes, docentes y personal t\u00e9cnico de ambas instituciones en proyectos de <strong>I+D+i<\/strong> para la construcci\u00f3n de soluciones conjuntas para abordar los retos ambientales y sociales de la ciudad de Quito; as\u00ed como la colaboraci\u00f3n en actividades formativas, seminarios, eventos cient\u00edficos y divulgaci\u00f3n cient\u00edfica-tecnol\u00f3gica.<\/p>\n\n\n\n<p class=\"has-text-align-center has-vivid-cyan-blue-color has-text-color has-link-color has-large-font-size wp-elements-de69c7bbc350054f5baaad71a4982f4c\"><strong>\u00a1La Facultad de Ciencias al servicio de la <\/strong><br><strong>comunidad de la ciudad de Quito!<\/strong><\/p>\n","protected":false},"excerpt":{"rendered":"<p>En un acuerdo que refuerza el v\u00ednculo entre la academia y los servicios p\u00fablicos, la Facultad de Ciencias de la Universidad Central del Ecuador y la Empresa P\u00fablica Metropolitana de Agua Potable y Saneamiento (EPMAPS) firmaron un convenio de cooperaci\u00f3n interinstitucional. Este acuerdo permitir\u00e1 el desarrollo conjunto de proyectos de investigaci\u00f3n, innovaci\u00f3n tecnol\u00f3gica y vinculaci\u00f3n [&hellip;]<\/p>\n","protected":false},"author":2,"featured_media":2031,"comment_status":"closed","ping_status":"closed","sticky":false,"template":"","format":"standard","meta":{"footnotes":""},"categories":[181,197,6],"tags":[187,149],"class_list":["post-2030","post","type-post","status-publish","format-standard","has-post-thumbnail","hentry","category-convenios","category-gestion","category-noticias","tag-epmaps","tag-facultad-de-ciencias"],"_links":{"self":[{"href":"https:\/\/ucentral.org\/informativo\/index.php\/wp-json\/wp\/v2\/posts\/2030","targetHints":{"allow":["GET"]}}],"collection":[{"href":"https:\/\/ucentral.org\/informativo\/index.php\/wp-json\/wp\/v2\/posts"}],"about":[{"href":"https:\/\/ucentral.org\/informativo\/index.php\/wp-json\/wp\/v2\/types\/post"}],"author":[{"embeddable":true,"href":"https:\/\/ucentral.org\/informativo\/index.php\/wp-json\/wp\/v2\/users\/2"}],"replies":[{"embeddable":true,"href":"https:\/\/ucentral.org\/informativo\/index.php\/wp-json\/wp\/v2\/comments?post=2030"}],"version-history":[{"count":3,"href":"https:\/\/ucentral.org\/informativo\/index.php\/wp-json\/wp\/v2\/posts\/2030\/revisions"}],"predecessor-version":[{"id":2034,"href":"https:\/\/ucentral.org\/informativo\/index.php\/wp-json\/wp\/v2\/posts\/2030\/revisions\/2034"}],"wp:featuredmedia":[{"embeddable":true,"href":"https:\/\/ucentral.org\/informativo\/index.php\/wp-json\/wp\/v2\/media\/2031"}],"wp:attachment":[{"href":"https:\/\/ucentral.org\/informativo\/index.php\/wp-json\/wp\/v2\/media?parent=2030"}],"wp:term":[{"taxonomy":"category","embeddable":true,"href":"https:\/\/ucentral.org\/informativo\/index.php\/wp-json\/wp\/v2\/categories?post=2030"},{"taxonomy":"post_tag","embeddable":true,"href":"https:\/\/ucentral.org\/informativo\/index.php\/wp-json\/wp\/v2\/tags?post=2030"}],"curies":[{"name":"wp","href":"https:\/\/api.w.org\/{rel}","templated":true}]}}