{"id":2076,"date":"2025-07-20T19:58:19","date_gmt":"2025-07-21T00:58:19","guid":{"rendered":"https:\/\/ucentral.org\/informativo\/?p=2076"},"modified":"2025-07-27T22:33:58","modified_gmt":"2025-07-28T03:33:58","slug":"sabiaesperanza","status":"publish","type":"post","link":"https:\/\/ucentral.org\/informativo\/index.php\/2025\/07\/20\/sabiaesperanza\/","title":{"rendered":"Firma de Convenio entre la Facultad de Ciencias de la UCE y la Reserva Ecol\u00f3gica &#8220;Sabia Esperanza&#8221; para la Conservaci\u00f3n Ambiental"},"content":{"rendered":"\n<p>El pasado 18 de julio, se dio un paso importante para la conservaci\u00f3n ecol\u00f3gica a trav\u00e9s de la colaboraci\u00f3n de la academia con la firma del convenio marco entre <strong>Franz Del Pozo Decano <\/strong>de la<strong> Facultad de Ciencias de la Universidad Central del Ecuador<\/strong> y el <strong>Sr. Fabian Marcelo Ram\u00edrez, propietario de la Reserva Ecol\u00f3gica &#8220;Sabia Esperanza&#8221;<\/strong>. Este acto cont\u00f3 con la destacada presencia del <strong>MSc. Iv\u00e1n Naula (Subdecano), Dra. Grace Guerrero (Secretaria Abogada), Dr. Hern\u00e1n Aules (Coordinador de Vinculaci\u00f3n con la Sociedad), Dr. Darwin Caina, Dr. Guillermo Albuja (Director del Centro de Matem\u00e1tica), el se\u00f1or estudiante de la Facultad de Ciencias y la Concejala Ximena Y\u00e9pez del Gobierno Aut\u00f3nomo Descentralizado (GAD) de Pimampiro<\/strong>, resaltando el compromiso conjunto hacia la preservaci\u00f3n ambiental. El convenio tiene como objetivo principal apoyar la conservaci\u00f3n de la reserva mediante el uso de tecnolog\u00edas avanzadas, incluyendo drones, inteligencia artificial, modelamiento matem\u00e1tico y ciencia de datos. Este convenio no solo busca proteger la biodiversidad de la reserva, sino tambi\u00e9n establecer un puente entre la Reserva Ecol\u00f3gica y las dem\u00e1s Facultades hermanas de la UCE, fomentando la colaboraci\u00f3n interdisciplinaria.<\/p>\n\n\n\n<p>La firma de este convenio subraya la importancia del papel de la Facultad de Ciencias en la protecci\u00f3n y conservaci\u00f3n del medio ambiente. Al emplear tecnolog\u00eda avanzada, la Facultad aporta herramientas innovadoras para el monitoreo y an\u00e1lisis de los ecosistemas, permitiendo una gesti\u00f3n m\u00e1s efectiva y sostenible de los recursos naturales. Este compromiso refleja la visi\u00f3n de la Facultad de integrar el conocimiento cient\u00edfico con la acci\u00f3n pr\u00e1ctica, generando un impacto positivo en la ecolog\u00eda y promoviendo la sostenibilidad ambiental. <\/p>\n\n\n\n<p>La colaboraci\u00f3n con la Reserva Ecol\u00f3gica &#8220;Sabia Esperanza&#8221; y el GAD de Pimampiro es un testimonio del esfuerzo conjunto entre la academia, las instituciones y la comunidad para proteger nuestro patrimonio natural. De esta manera, se espera establecer estrategias de conservaci\u00f3n para el correcto manejo de los recursos, asegurando un legado de biodiversidad y equilibrio ecol\u00f3gico para las generaciones futuras.<\/p>\n\n\n\n<figure class=\"wp-block-gallery has-nested-images columns-default is-cropped wp-block-gallery-1 is-layout-flex wp-block-gallery-is-layout-flex\">\n<figure class=\"wp-block-image size-large\"><img loading=\"lazy\" decoding=\"async\" width=\"768\" height=\"1024\" data-id=\"2084\" src=\"https:\/\/ucentral.org\/informativo\/wp-content\/uploads\/2025\/07\/03.-ConvenioPimampiroSE01-768x1024.jpg\" alt=\"\" class=\"wp-image-2084\" srcset=\"https:\/\/ucentral.org\/informativo\/wp-content\/uploads\/2025\/07\/03.-ConvenioPimampiroSE01-768x1024.jpg 768w, https:\/\/ucentral.org\/informativo\/wp-content\/uploads\/2025\/07\/03.-ConvenioPimampiroSE01-225x300.jpg 225w, https:\/\/ucentral.org\/informativo\/wp-content\/uploads\/2025\/07\/03.-ConvenioPimampiroSE01.jpg 960w\" sizes=\"auto, (max-width: 768px) 100vw, 768px\" \/><\/figure>\n\n\n\n<figure class=\"wp-block-image size-large\"><img loading=\"lazy\" decoding=\"async\" width=\"576\" height=\"1024\" data-id=\"2080\" src=\"https:\/\/ucentral.org\/informativo\/wp-content\/uploads\/2025\/07\/04.-ConvenioPimampiroSE02-576x1024.jpg\" alt=\"\" class=\"wp-image-2080\" srcset=\"https:\/\/ucentral.org\/informativo\/wp-content\/uploads\/2025\/07\/04.-ConvenioPimampiroSE02-576x1024.jpg 576w, https:\/\/ucentral.org\/informativo\/wp-content\/uploads\/2025\/07\/04.-ConvenioPimampiroSE02-169x300.jpg 169w, https:\/\/ucentral.org\/informativo\/wp-content\/uploads\/2025\/07\/04.-ConvenioPimampiroSE02.jpg 720w\" sizes=\"auto, (max-width: 576px) 100vw, 576px\" \/><\/figure>\n\n\n\n<figure class=\"wp-block-image size-large\"><img loading=\"lazy\" decoding=\"async\" width=\"1024\" height=\"768\" data-id=\"2082\" src=\"https:\/\/ucentral.org\/informativo\/wp-content\/uploads\/2025\/07\/05.-ConvenioPimampiroSE02-1024x768.jpg\" alt=\"\" class=\"wp-image-2082\" srcset=\"https:\/\/ucentral.org\/informativo\/wp-content\/uploads\/2025\/07\/05.-ConvenioPimampiroSE02-1024x768.jpg 1024w, https:\/\/ucentral.org\/informativo\/wp-content\/uploads\/2025\/07\/05.-ConvenioPimampiroSE02-300x225.jpg 300w, https:\/\/ucentral.org\/informativo\/wp-content\/uploads\/2025\/07\/05.-ConvenioPimampiroSE02-768x576.jpg 768w, https:\/\/ucentral.org\/informativo\/wp-content\/uploads\/2025\/07\/05.-ConvenioPimampiroSE02-136x102.jpg 136w, https:\/\/ucentral.org\/informativo\/wp-content\/uploads\/2025\/07\/05.-ConvenioPimampiroSE02.jpg 1280w\" sizes=\"auto, (max-width: 1024px) 100vw, 1024px\" \/><\/figure>\n\n\n\n<figure class=\"wp-block-image size-large\"><img loading=\"lazy\" decoding=\"async\" width=\"1024\" height=\"768\" data-id=\"2083\" src=\"https:\/\/ucentral.org\/informativo\/wp-content\/uploads\/2025\/07\/06.-ConvenioPimampiroSE02-1024x768.jpg\" alt=\"\" class=\"wp-image-2083\" srcset=\"https:\/\/ucentral.org\/informativo\/wp-content\/uploads\/2025\/07\/06.-ConvenioPimampiroSE02-1024x768.jpg 1024w, https:\/\/ucentral.org\/informativo\/wp-content\/uploads\/2025\/07\/06.-ConvenioPimampiroSE02-300x225.jpg 300w, https:\/\/ucentral.org\/informativo\/wp-content\/uploads\/2025\/07\/06.-ConvenioPimampiroSE02-768x576.jpg 768w, https:\/\/ucentral.org\/informativo\/wp-content\/uploads\/2025\/07\/06.-ConvenioPimampiroSE02-136x102.jpg 136w, https:\/\/ucentral.org\/informativo\/wp-content\/uploads\/2025\/07\/06.-ConvenioPimampiroSE02.jpg 1280w\" sizes=\"auto, (max-width: 1024px) 100vw, 1024px\" \/><\/figure>\n\n\n\n<figure class=\"wp-block-image size-large\"><img loading=\"lazy\" decoding=\"async\" width=\"1024\" height=\"573\" data-id=\"2081\" src=\"https:\/\/ucentral.org\/informativo\/wp-content\/uploads\/2025\/07\/01.-ConvenioPimampiroSE02-1024x573.jpg\" alt=\"\" class=\"wp-image-2081\" srcset=\"https:\/\/ucentral.org\/informativo\/wp-content\/uploads\/2025\/07\/01.-ConvenioPimampiroSE02-1024x573.jpg 1024w, https:\/\/ucentral.org\/informativo\/wp-content\/uploads\/2025\/07\/01.-ConvenioPimampiroSE02-300x168.jpg 300w, https:\/\/ucentral.org\/informativo\/wp-content\/uploads\/2025\/07\/01.-ConvenioPimampiroSE02-768x430.jpg 768w, https:\/\/ucentral.org\/informativo\/wp-content\/uploads\/2025\/07\/01.-ConvenioPimampiroSE02-555x311.jpg 555w, https:\/\/ucentral.org\/informativo\/wp-content\/uploads\/2025\/07\/01.-ConvenioPimampiroSE02.jpg 1232w\" sizes=\"auto, (max-width: 1024px) 100vw, 1024px\" \/><\/figure>\n\n\n\n<figure class=\"wp-block-image size-large\"><img loading=\"lazy\" decoding=\"async\" width=\"1024\" height=\"545\" data-id=\"2079\" src=\"https:\/\/ucentral.org\/informativo\/wp-content\/uploads\/2025\/07\/02.-ConvenioPimampiroSE01-1024x545.jpg\" alt=\"\" class=\"wp-image-2079\" srcset=\"https:\/\/ucentral.org\/informativo\/wp-content\/uploads\/2025\/07\/02.-ConvenioPimampiroSE01-1024x545.jpg 1024w, https:\/\/ucentral.org\/informativo\/wp-content\/uploads\/2025\/07\/02.-ConvenioPimampiroSE01-300x160.jpg 300w, https:\/\/ucentral.org\/informativo\/wp-content\/uploads\/2025\/07\/02.-ConvenioPimampiroSE01-768x408.jpg 768w, https:\/\/ucentral.org\/informativo\/wp-content\/uploads\/2025\/07\/02.-ConvenioPimampiroSE01-1536x817.jpg 1536w, https:\/\/ucentral.org\/informativo\/wp-content\/uploads\/2025\/07\/02.-ConvenioPimampiroSE01.jpg 1638w\" sizes=\"auto, (max-width: 1024px) 100vw, 1024px\" \/><\/figure>\n<\/figure>\n\n\n\n<p><\/p>\n","protected":false},"excerpt":{"rendered":"<p>El pasado 18 de julio, se dio un paso importante para la conservaci\u00f3n ecol\u00f3gica a trav\u00e9s de la colaboraci\u00f3n de la academia con la firma del convenio marco entre Franz Del Pozo Decano de la Facultad de Ciencias de la Universidad Central del Ecuador y el Sr. Fabian Marcelo Ram\u00edrez, propietario de la Reserva Ecol\u00f3gica [&hellip;]<\/p>\n","protected":false},"author":2,"featured_media":2103,"comment_status":"closed","ping_status":"closed","sticky":false,"template":"","format":"standard","meta":{"footnotes":""},"categories":[181,6,280],"tags":[149,392,391],"class_list":["post-2076","post","type-post","status-publish","format-standard","has-post-thumbnail","hentry","category-convenios","category-noticias","category-vinculacion","tag-facultad-de-ciencias","tag-pimampiro","tag-sabia-esperanza"],"_links":{"self":[{"href":"https:\/\/ucentral.org\/informativo\/index.php\/wp-json\/wp\/v2\/posts\/2076","targetHints":{"allow":["GET"]}}],"collection":[{"href":"https:\/\/ucentral.org\/informativo\/index.php\/wp-json\/wp\/v2\/posts"}],"about":[{"href":"https:\/\/ucentral.org\/informativo\/index.php\/wp-json\/wp\/v2\/types\/post"}],"author":[{"embeddable":true,"href":"https:\/\/ucentral.org\/informativo\/index.php\/wp-json\/wp\/v2\/users\/2"}],"replies":[{"embeddable":true,"href":"https:\/\/ucentral.org\/informativo\/index.php\/wp-json\/wp\/v2\/comments?post=2076"}],"version-history":[{"count":4,"href":"https:\/\/ucentral.org\/informativo\/index.php\/wp-json\/wp\/v2\/posts\/2076\/revisions"}],"predecessor-version":[{"id":2088,"href":"https:\/\/ucentral.org\/informativo\/index.php\/wp-json\/wp\/v2\/posts\/2076\/revisions\/2088"}],"wp:featuredmedia":[{"embeddable":true,"href":"https:\/\/ucentral.org\/informativo\/index.php\/wp-json\/wp\/v2\/media\/2103"}],"wp:attachment":[{"href":"https:\/\/ucentral.org\/informativo\/index.php\/wp-json\/wp\/v2\/media?parent=2076"}],"wp:term":[{"taxonomy":"category","embeddable":true,"href":"https:\/\/ucentral.org\/informativo\/index.php\/wp-json\/wp\/v2\/categories?post=2076"},{"taxonomy":"post_tag","embeddable":true,"href":"https:\/\/ucentral.org\/informativo\/index.php\/wp-json\/wp\/v2\/tags?post=2076"}],"curies":[{"name":"wp","href":"https:\/\/api.w.org\/{rel}","templated":true}]}}