{"id":2092,"date":"2025-07-21T16:17:20","date_gmt":"2025-07-21T21:17:20","guid":{"rendered":"https:\/\/ucentral.org\/informativo\/?p=2092"},"modified":"2025-07-21T17:17:47","modified_gmt":"2025-07-21T22:17:47","slug":"franzdelpozo2025","status":"publish","type":"post","link":"https:\/\/ucentral.org\/informativo\/index.php\/2025\/07\/21\/franzdelpozo2025\/","title":{"rendered":"Franz Del Pozo asume oficialmente como Decano de la Facultad de Ciencias de la UCE en ceremonia de posesi\u00f3n"},"content":{"rendered":"\n<p><strong>Quito, 21 de julio de 2023 \u2014<\/strong> En un acto protocolario realizado este 21 de julio, el Dr. Pablo Proa\u00f1o, Director de Talento Humano de la Universidad Central del Ecuador (UCE), tom\u00f3 juramento y entreg\u00f3 la acci\u00f3n de personal al Dr. Franz Del Pozo, quien asume oficialmente como Decano de la Facultad de Ciencias para un nuevo periodo.<\/p>\n\n\n\n<p>La designaci\u00f3n del Dr. Del Pozo se dio luego de que ocupara el primer lugar en la terna postconsulta realizada en junio, proceso democr\u00e1tico que cont\u00f3 con la participaci\u00f3n activa de docentes, estudiantes y trabajadores de la Facultad. El Dr. Del Pozo se comprometi\u00f3 en continuar trabajando por la excelencia acad\u00e9mica, la investigaci\u00f3n y la vinculaci\u00f3n con la sociedad, pilares fundamentales de su plan de gesti\u00f3n.<\/p>\n\n\n\n<p>El Decano agradece el respaldo de la comunidad de la Facultad de Ciencias y destac\u00f3 la importancia de fortalecer la unidad entre todos los estamentos.<\/p>\n","protected":false},"excerpt":{"rendered":"<p>Quito, 21 de julio de 2023 \u2014 En un acto protocolario realizado este 21 de julio, el Dr. Pablo Proa\u00f1o, Director de Talento Humano de la Universidad Central del Ecuador (UCE), tom\u00f3 juramento y entreg\u00f3 la acci\u00f3n de personal al Dr. Franz Del Pozo, quien asume oficialmente como Decano de la Facultad de Ciencias para [&hellip;]<\/p>\n","protected":false},"author":2,"featured_media":2093,"comment_status":"closed","ping_status":"closed","sticky":false,"template":"","format":"standard","meta":{"footnotes":""},"categories":[197,6],"tags":[394,149],"class_list":["post-2092","post","type-post","status-publish","format-standard","has-post-thumbnail","hentry","category-gestion","category-noticias","tag-decano","tag-facultad-de-ciencias"],"_links":{"self":[{"href":"https:\/\/ucentral.org\/informativo\/index.php\/wp-json\/wp\/v2\/posts\/2092","targetHints":{"allow":["GET"]}}],"collection":[{"href":"https:\/\/ucentral.org\/informativo\/index.php\/wp-json\/wp\/v2\/posts"}],"about":[{"href":"https:\/\/ucentral.org\/informativo\/index.php\/wp-json\/wp\/v2\/types\/post"}],"author":[{"embeddable":true,"href":"https:\/\/ucentral.org\/informativo\/index.php\/wp-json\/wp\/v2\/users\/2"}],"replies":[{"embeddable":true,"href":"https:\/\/ucentral.org\/informativo\/index.php\/wp-json\/wp\/v2\/comments?post=2092"}],"version-history":[{"count":4,"href":"https:\/\/ucentral.org\/informativo\/index.php\/wp-json\/wp\/v2\/posts\/2092\/revisions"}],"predecessor-version":[{"id":2098,"href":"https:\/\/ucentral.org\/informativo\/index.php\/wp-json\/wp\/v2\/posts\/2092\/revisions\/2098"}],"wp:featuredmedia":[{"embeddable":true,"href":"https:\/\/ucentral.org\/informativo\/index.php\/wp-json\/wp\/v2\/media\/2093"}],"wp:attachment":[{"href":"https:\/\/ucentral.org\/informativo\/index.php\/wp-json\/wp\/v2\/media?parent=2092"}],"wp:term":[{"taxonomy":"category","embeddable":true,"href":"https:\/\/ucentral.org\/informativo\/index.php\/wp-json\/wp\/v2\/categories?post=2092"},{"taxonomy":"post_tag","embeddable":true,"href":"https:\/\/ucentral.org\/informativo\/index.php\/wp-json\/wp\/v2\/tags?post=2092"}],"curies":[{"name":"wp","href":"https:\/\/api.w.org\/{rel}","templated":true}]}}