{"id":2099,"date":"2025-07-24T11:16:23","date_gmt":"2025-07-24T16:16:23","guid":{"rendered":"https:\/\/ucentral.org\/informativo\/?p=2099"},"modified":"2025-07-24T11:17:46","modified_gmt":"2025-07-24T16:17:46","slug":"saberevaluar","status":"publish","type":"post","link":"https:\/\/ucentral.org\/informativo\/index.php\/2025\/07\/24\/saberevaluar\/","title":{"rendered":"Curso &#8220;Saber Evaluar&#8221;"},"content":{"rendered":"\n<p>Las Facultades de Ciencias; Ingenier\u00eda en Geolog\u00eda, Minas, Petr\u00f3leo y Ambiental; Ingenier\u00eda Qu\u00edmica; Ciencias Qu\u00edmicas; e Ingenier\u00eda y Ciencias Aplicadas, en coordinaci\u00f3n con la Direcci\u00f3n de Desarrollo Acad\u00e9mico te invitan a participar en el curso \u201cSaber Evaluar\u201d. Este curso surge de la necesidad de fortalecer los procesos de evaluaci\u00f3n del aprendizaje, eje central de la pr\u00e1ctica docente universitaria. En particular, se busca asegurar que instrumentos como los ex\u00e1menes complexivos respondan a criterios t\u00e9cnicos y pedag\u00f3gicos coherentes con los resultados de aprendizaje y las competencias profesionales.<\/p>\n\n\n\n<p>\ud83d\udccdLugar: Auditorio de la Facultad de Ciencias Qu\u00edmicas<br>\ud83d\udcc5Fecha: 30, 31 de julio y 01 de agosto del 2025<br>\ud83d\udd58 Hora: de 09:00 a 13:00<br>\ud83d\udcceReg\u00edstrate en: <a href=\"https:\/\/forms.office.com\/r\/B6vfkVtMpt\">https:\/\/forms.office.com\/r\/B6vfkVtMpt<\/a><\/p>\n","protected":false},"excerpt":{"rendered":"<p>Las Facultades de Ciencias; Ingenier\u00eda en Geolog\u00eda, Minas, Petr\u00f3leo y Ambiental; Ingenier\u00eda Qu\u00edmica; Ciencias Qu\u00edmicas; e Ingenier\u00eda y Ciencias Aplicadas, en coordinaci\u00f3n con la Direcci\u00f3n de Desarrollo Acad\u00e9mico te invitan a participar en el curso \u201cSaber Evaluar\u201d. Este curso surge de la necesidad de fortalecer los procesos de evaluaci\u00f3n del aprendizaje, eje central de la [&hellip;]<\/p>\n","protected":false},"author":2,"featured_media":2100,"comment_status":"closed","ping_status":"closed","sticky":false,"template":"","format":"standard","meta":{"footnotes":""},"categories":[13,6],"tags":[26,270],"class_list":["post-2099","post","type-post","status-publish","format-standard","has-post-thumbnail","hentry","category-cursos-seminarios","category-noticias","tag-curso","tag-docentes"],"_links":{"self":[{"href":"https:\/\/ucentral.org\/informativo\/index.php\/wp-json\/wp\/v2\/posts\/2099","targetHints":{"allow":["GET"]}}],"collection":[{"href":"https:\/\/ucentral.org\/informativo\/index.php\/wp-json\/wp\/v2\/posts"}],"about":[{"href":"https:\/\/ucentral.org\/informativo\/index.php\/wp-json\/wp\/v2\/types\/post"}],"author":[{"embeddable":true,"href":"https:\/\/ucentral.org\/informativo\/index.php\/wp-json\/wp\/v2\/users\/2"}],"replies":[{"embeddable":true,"href":"https:\/\/ucentral.org\/informativo\/index.php\/wp-json\/wp\/v2\/comments?post=2099"}],"version-history":[{"count":2,"href":"https:\/\/ucentral.org\/informativo\/index.php\/wp-json\/wp\/v2\/posts\/2099\/revisions"}],"predecessor-version":[{"id":2102,"href":"https:\/\/ucentral.org\/informativo\/index.php\/wp-json\/wp\/v2\/posts\/2099\/revisions\/2102"}],"wp:featuredmedia":[{"embeddable":true,"href":"https:\/\/ucentral.org\/informativo\/index.php\/wp-json\/wp\/v2\/media\/2100"}],"wp:attachment":[{"href":"https:\/\/ucentral.org\/informativo\/index.php\/wp-json\/wp\/v2\/media?parent=2099"}],"wp:term":[{"taxonomy":"category","embeddable":true,"href":"https:\/\/ucentral.org\/informativo\/index.php\/wp-json\/wp\/v2\/categories?post=2099"},{"taxonomy":"post_tag","embeddable":true,"href":"https:\/\/ucentral.org\/informativo\/index.php\/wp-json\/wp\/v2\/tags?post=2099"}],"curies":[{"name":"wp","href":"https:\/\/api.w.org\/{rel}","templated":true}]}}