{"id":2120,"date":"2025-07-30T23:58:18","date_gmt":"2025-07-31T04:58:18","guid":{"rendered":"https:\/\/ucentral.org\/informativo\/?p=2120"},"modified":"2025-07-30T23:58:18","modified_gmt":"2025-07-31T04:58:18","slug":"cmiq","status":"publish","type":"post","link":"https:\/\/ucentral.org\/informativo\/index.php\/2025\/07\/30\/cmiq\/","title":{"rendered":"Felicitaciones al Dr. Pablo Araujo, docente de la Universidad Central del Ecuador, por su brillante participaci\u00f3n en el XII Congreso Mundial de Ingenier\u00eda Qu\u00edmica"},"content":{"rendered":"\n<p><a><\/a>Desde la Facultad de Ciencias extendemos nuestras m\u00e1s sinceras felicitaciones al Dr. Pablo Araujo, docente de la Facultad hermana de Ingenier\u00eda Qu\u00edmica de la Universidad Central del Ecuador, por su brillante participaci\u00f3n en el XII Congreso Mundial de Ingenier\u00eda Qu\u00edmica, realizado del 14 al 18 de julio de 2025 en Beijing, China.<\/p>\n\n\n\n<p>El Dr. Araujo fue el \u00fanico representante ecuatoriano en este importante evento internacional, donde present\u00f3 dos investigaciones cient\u00edficas que fortalecen el prestigio de la UCE a nivel global.<\/p>\n\n\n\n<p>Nos enorgullece tambi\u00e9n saludar a nuestro equipo de docentes, liderado por el Mat. Luis Castillo, quienes colaboran activamente con el Dr. Araujo en investigaciones conjuntas realizadas en la Ant\u00e1rtida, una muestra del compromiso de nuestra comunidad acad\u00e9mica con la ciencia de frontera y la cooperaci\u00f3n interdisciplinaria.<\/p>\n\n\n\n<p>\u00a1Felicidades a todo el equipo por elevar el nombre de la Universidad Central del Ecuador! <img loading=\"lazy\" decoding=\"async\" height=\"16\" width=\"16\" alt=\"\ud83c\uddea\ud83c\udde8\" src=\"https:\/\/static.xx.fbcdn.net\/images\/emoji.php\/v9\/t95\/1\/16\/1f1ea_1f1e8.png\"><\/p>\n\n\n\n<figure class=\"wp-block-gallery has-nested-images columns-default is-cropped wp-block-gallery-1 is-layout-flex wp-block-gallery-is-layout-flex\">\n<figure class=\"wp-block-image size-large\"><img loading=\"lazy\" decoding=\"async\" width=\"1024\" height=\"683\" data-id=\"2121\" src=\"https:\/\/ucentral.org\/informativo\/wp-content\/uploads\/2025\/07\/Antartida2025-01-1024x683.jpg\" alt=\"\" class=\"wp-image-2121\" srcset=\"https:\/\/ucentral.org\/informativo\/wp-content\/uploads\/2025\/07\/Antartida2025-01-1024x683.jpg 1024w, https:\/\/ucentral.org\/informativo\/wp-content\/uploads\/2025\/07\/Antartida2025-01-300x200.jpg 300w, https:\/\/ucentral.org\/informativo\/wp-content\/uploads\/2025\/07\/Antartida2025-01-768x512.jpg 768w, https:\/\/ucentral.org\/informativo\/wp-content\/uploads\/2025\/07\/Antartida2025-01-1536x1024.jpg 1536w, https:\/\/ucentral.org\/informativo\/wp-content\/uploads\/2025\/07\/Antartida2025-01.jpg 1600w\" sizes=\"auto, (max-width: 1024px) 100vw, 1024px\" \/><\/figure>\n\n\n\n<figure class=\"wp-block-image size-large\"><img loading=\"lazy\" decoding=\"async\" width=\"1024\" height=\"683\" data-id=\"2122\" src=\"https:\/\/ucentral.org\/informativo\/wp-content\/uploads\/2025\/07\/Antartida2025-02-1024x683.jpg\" alt=\"\" class=\"wp-image-2122\" srcset=\"https:\/\/ucentral.org\/informativo\/wp-content\/uploads\/2025\/07\/Antartida2025-02-1024x683.jpg 1024w, https:\/\/ucentral.org\/informativo\/wp-content\/uploads\/2025\/07\/Antartida2025-02-300x200.jpg 300w, https:\/\/ucentral.org\/informativo\/wp-content\/uploads\/2025\/07\/Antartida2025-02-768x512.jpg 768w, https:\/\/ucentral.org\/informativo\/wp-content\/uploads\/2025\/07\/Antartida2025-02-1536x1024.jpg 1536w, https:\/\/ucentral.org\/informativo\/wp-content\/uploads\/2025\/07\/Antartida2025-02.jpg 1600w\" sizes=\"auto, (max-width: 1024px) 100vw, 1024px\" \/><\/figure>\n\n\n\n<figure class=\"wp-block-image size-large\"><img loading=\"lazy\" decoding=\"async\" width=\"1024\" height=\"683\" data-id=\"2123\" src=\"https:\/\/ucentral.org\/informativo\/wp-content\/uploads\/2025\/07\/Antartida2025-03-1024x683.jpg\" alt=\"\" class=\"wp-image-2123\" srcset=\"https:\/\/ucentral.org\/informativo\/wp-content\/uploads\/2025\/07\/Antartida2025-03-1024x683.jpg 1024w, https:\/\/ucentral.org\/informativo\/wp-content\/uploads\/2025\/07\/Antartida2025-03-300x200.jpg 300w, https:\/\/ucentral.org\/informativo\/wp-content\/uploads\/2025\/07\/Antartida2025-03-768x512.jpg 768w, https:\/\/ucentral.org\/informativo\/wp-content\/uploads\/2025\/07\/Antartida2025-03-1536x1024.jpg 1536w, https:\/\/ucentral.org\/informativo\/wp-content\/uploads\/2025\/07\/Antartida2025-03.jpg 1600w\" sizes=\"auto, (max-width: 1024px) 100vw, 1024px\" \/><\/figure>\n<\/figure>\n","protected":false},"excerpt":{"rendered":"<p>Desde la Facultad de Ciencias extendemos nuestras m\u00e1s sinceras felicitaciones al Dr. Pablo Araujo, docente de la Facultad hermana de Ingenier\u00eda Qu\u00edmica de la Universidad Central del Ecuador, por su brillante participaci\u00f3n en el XII Congreso Mundial de Ingenier\u00eda Qu\u00edmica, realizado del 14 al 18 de julio de 2025 en Beijing, China. El Dr. Araujo [&hellip;]<\/p>\n","protected":false},"author":2,"featured_media":2121,"comment_status":"closed","ping_status":"closed","sticky":false,"template":"","format":"standard","meta":{"footnotes":""},"categories":[112,41,6],"tags":[397],"class_list":["post-2120","post","type-post","status-publish","format-standard","has-post-thumbnail","hentry","category-ciencia-central","category-investigacion","category-noticias","tag-antartida"],"_links":{"self":[{"href":"https:\/\/ucentral.org\/informativo\/index.php\/wp-json\/wp\/v2\/posts\/2120","targetHints":{"allow":["GET"]}}],"collection":[{"href":"https:\/\/ucentral.org\/informativo\/index.php\/wp-json\/wp\/v2\/posts"}],"about":[{"href":"https:\/\/ucentral.org\/informativo\/index.php\/wp-json\/wp\/v2\/types\/post"}],"author":[{"embeddable":true,"href":"https:\/\/ucentral.org\/informativo\/index.php\/wp-json\/wp\/v2\/users\/2"}],"replies":[{"embeddable":true,"href":"https:\/\/ucentral.org\/informativo\/index.php\/wp-json\/wp\/v2\/comments?post=2120"}],"version-history":[{"count":1,"href":"https:\/\/ucentral.org\/informativo\/index.php\/wp-json\/wp\/v2\/posts\/2120\/revisions"}],"predecessor-version":[{"id":2124,"href":"https:\/\/ucentral.org\/informativo\/index.php\/wp-json\/wp\/v2\/posts\/2120\/revisions\/2124"}],"wp:featuredmedia":[{"embeddable":true,"href":"https:\/\/ucentral.org\/informativo\/index.php\/wp-json\/wp\/v2\/media\/2121"}],"wp:attachment":[{"href":"https:\/\/ucentral.org\/informativo\/index.php\/wp-json\/wp\/v2\/media?parent=2120"}],"wp:term":[{"taxonomy":"category","embeddable":true,"href":"https:\/\/ucentral.org\/informativo\/index.php\/wp-json\/wp\/v2\/categories?post=2120"},{"taxonomy":"post_tag","embeddable":true,"href":"https:\/\/ucentral.org\/informativo\/index.php\/wp-json\/wp\/v2\/tags?post=2120"}],"curies":[{"name":"wp","href":"https:\/\/api.w.org\/{rel}","templated":true}]}}