{"id":2125,"date":"2025-07-31T08:10:41","date_gmt":"2025-07-31T13:10:41","guid":{"rendered":"https:\/\/ucentral.org\/informativo\/?p=2125"},"modified":"2025-07-31T08:10:42","modified_gmt":"2025-07-31T13:10:42","slug":"saberevaluar25","status":"publish","type":"post","link":"https:\/\/ucentral.org\/informativo\/index.php\/2025\/07\/31\/saberevaluar25\/","title":{"rendered":"Inauguraci\u00f3n del curso-taller \u201cSaber Evaluar\u201d"},"content":{"rendered":"\n<p>Este <strong>30 de julio<\/strong>, se inaugur\u00f3 con \u00e9xito el curso-taller <strong>\u201cSaber Evaluar\u201d<\/strong>, una iniciativa coorganizada por la <strong>Direcci\u00f3n de Desarrollo Acad\u00e9mico<\/strong> y las Facultades de <strong>Ciencias, Ciencias Qu\u00edmicas, Ingenier\u00eda y Ciencias Aplicadas<\/strong>, y <strong>FIGEMPA<\/strong> de la <strong>Universidad Central del Ecuador<\/strong>.<\/p>\n\n\n\n<p>Este espacio formativo est\u00e1 orientado al <strong>dise\u00f1o de herramientas y t\u00e9cnicas de evaluaci\u00f3n<\/strong> y dirigido a los <strong>docentes de las Facultades de Ingenier\u00eda<\/strong>, con el objetivo de fortalecer sus competencias pedag\u00f3gicas y mejorar los procesos de ense\u00f1anza-aprendizaje.<\/p>\n\n\n\n<p>Durante el acto inaugural contamos con la presencia de la <strong>Dra. Julieta Logro\u00f1o<\/strong>, Vicerrectora Acad\u00e9mica y de Posgrados; el <strong>Dr. Trosky Y\u00e1nez<\/strong>, Decano de la Facultad de Ciencias Qu\u00edmicas; y del <strong>Dr. Franz Del Pozo<\/strong>, Decano de la Facultad de Ciencias. <\/p>\n\n\n\n<p class=\"has-text-align-center has-vivid-cyan-blue-color has-text-color has-link-color has-medium-font-size wp-elements-ccab5de9610aecdb4cb5701eb2c86c12\">\u00a1Seguimos construyendo una universidad con excelencia acad\u00e9mica!<\/p>\n\n\n\n<figure class=\"wp-block-gallery has-nested-images columns-default is-cropped wp-block-gallery-1 is-layout-flex wp-block-gallery-is-layout-flex\">\n<figure class=\"wp-block-image size-large\"><img loading=\"lazy\" decoding=\"async\" width=\"1024\" height=\"525\" data-id=\"2126\" src=\"https:\/\/ucentral.org\/informativo\/wp-content\/uploads\/2025\/07\/DDA_SE03-1024x525.jpg\" alt=\"\" class=\"wp-image-2126\" srcset=\"https:\/\/ucentral.org\/informativo\/wp-content\/uploads\/2025\/07\/DDA_SE03-1024x525.jpg 1024w, https:\/\/ucentral.org\/informativo\/wp-content\/uploads\/2025\/07\/DDA_SE03-300x154.jpg 300w, https:\/\/ucentral.org\/informativo\/wp-content\/uploads\/2025\/07\/DDA_SE03-768x394.jpg 768w, https:\/\/ucentral.org\/informativo\/wp-content\/uploads\/2025\/07\/DDA_SE03-1536x787.jpg 1536w, https:\/\/ucentral.org\/informativo\/wp-content\/uploads\/2025\/07\/DDA_SE03.jpg 1805w\" sizes=\"auto, (max-width: 1024px) 100vw, 1024px\" \/><\/figure>\n\n\n\n<figure class=\"wp-block-image size-large\"><img loading=\"lazy\" decoding=\"async\" width=\"1024\" height=\"635\" data-id=\"2128\" src=\"https:\/\/ucentral.org\/informativo\/wp-content\/uploads\/2025\/07\/DDA_SE00-1024x635.jpg\" alt=\"\" class=\"wp-image-2128\" srcset=\"https:\/\/ucentral.org\/informativo\/wp-content\/uploads\/2025\/07\/DDA_SE00-1024x635.jpg 1024w, https:\/\/ucentral.org\/informativo\/wp-content\/uploads\/2025\/07\/DDA_SE00-300x186.jpg 300w, https:\/\/ucentral.org\/informativo\/wp-content\/uploads\/2025\/07\/DDA_SE00-768x476.jpg 768w, https:\/\/ucentral.org\/informativo\/wp-content\/uploads\/2025\/07\/DDA_SE00.jpg 1337w\" sizes=\"auto, (max-width: 1024px) 100vw, 1024px\" \/><\/figure>\n\n\n\n<figure class=\"wp-block-image size-large\"><img loading=\"lazy\" decoding=\"async\" width=\"1024\" height=\"630\" data-id=\"2127\" src=\"https:\/\/ucentral.org\/informativo\/wp-content\/uploads\/2025\/07\/DDA_SE02-1024x630.jpg\" alt=\"\" class=\"wp-image-2127\" srcset=\"https:\/\/ucentral.org\/informativo\/wp-content\/uploads\/2025\/07\/DDA_SE02-1024x630.jpg 1024w, https:\/\/ucentral.org\/informativo\/wp-content\/uploads\/2025\/07\/DDA_SE02-300x185.jpg 300w, https:\/\/ucentral.org\/informativo\/wp-content\/uploads\/2025\/07\/DDA_SE02-768x472.jpg 768w, https:\/\/ucentral.org\/informativo\/wp-content\/uploads\/2025\/07\/DDA_SE02.jpg 1504w\" sizes=\"auto, (max-width: 1024px) 100vw, 1024px\" \/><\/figure>\n<\/figure>\n","protected":false},"excerpt":{"rendered":"<p>Este 30 de julio, se inaugur\u00f3 con \u00e9xito el curso-taller \u201cSaber Evaluar\u201d, una iniciativa coorganizada por la Direcci\u00f3n de Desarrollo Acad\u00e9mico y las Facultades de Ciencias, Ciencias Qu\u00edmicas, Ingenier\u00eda y Ciencias Aplicadas, y FIGEMPA de la Universidad Central del Ecuador. Este espacio formativo est\u00e1 orientado al dise\u00f1o de herramientas y t\u00e9cnicas de evaluaci\u00f3n y dirigido [&hellip;]<\/p>\n","protected":false},"author":2,"featured_media":2128,"comment_status":"closed","ping_status":"closed","sticky":false,"template":"","format":"standard","meta":{"footnotes":""},"categories":[13,164,6],"tags":[398],"class_list":["post-2125","post","type-post","status-publish","format-standard","has-post-thumbnail","hentry","category-cursos-seminarios","category-eventos","category-noticias","tag-docencia"],"_links":{"self":[{"href":"https:\/\/ucentral.org\/informativo\/index.php\/wp-json\/wp\/v2\/posts\/2125","targetHints":{"allow":["GET"]}}],"collection":[{"href":"https:\/\/ucentral.org\/informativo\/index.php\/wp-json\/wp\/v2\/posts"}],"about":[{"href":"https:\/\/ucentral.org\/informativo\/index.php\/wp-json\/wp\/v2\/types\/post"}],"author":[{"embeddable":true,"href":"https:\/\/ucentral.org\/informativo\/index.php\/wp-json\/wp\/v2\/users\/2"}],"replies":[{"embeddable":true,"href":"https:\/\/ucentral.org\/informativo\/index.php\/wp-json\/wp\/v2\/comments?post=2125"}],"version-history":[{"count":1,"href":"https:\/\/ucentral.org\/informativo\/index.php\/wp-json\/wp\/v2\/posts\/2125\/revisions"}],"predecessor-version":[{"id":2129,"href":"https:\/\/ucentral.org\/informativo\/index.php\/wp-json\/wp\/v2\/posts\/2125\/revisions\/2129"}],"wp:featuredmedia":[{"embeddable":true,"href":"https:\/\/ucentral.org\/informativo\/index.php\/wp-json\/wp\/v2\/media\/2128"}],"wp:attachment":[{"href":"https:\/\/ucentral.org\/informativo\/index.php\/wp-json\/wp\/v2\/media?parent=2125"}],"wp:term":[{"taxonomy":"category","embeddable":true,"href":"https:\/\/ucentral.org\/informativo\/index.php\/wp-json\/wp\/v2\/categories?post=2125"},{"taxonomy":"post_tag","embeddable":true,"href":"https:\/\/ucentral.org\/informativo\/index.php\/wp-json\/wp\/v2\/tags?post=2125"}],"curies":[{"name":"wp","href":"https:\/\/api.w.org\/{rel}","templated":true}]}}