{"id":2130,"date":"2025-08-01T09:28:19","date_gmt":"2025-08-01T14:28:19","guid":{"rendered":"https:\/\/ucentral.org\/informativo\/?p=2130"},"modified":"2025-08-01T09:28:20","modified_gmt":"2025-08-01T14:28:20","slug":"ciberniksa","status":"publish","type":"post","link":"https:\/\/ucentral.org\/informativo\/index.php\/2025\/08\/01\/ciberniksa\/","title":{"rendered":"Convenio de cooperaci\u00f3n con Ciberniksa"},"content":{"rendered":"\n<p>La Facultad de Ciencias de la Universidad Central del Ecuador ha suscrito un convenio de cooperaci\u00f3n con la empresa Ciberniksa Comunidades Digitales S. A., con el objetivo de fortalecer la colaboraci\u00f3n en proyectos de vinculaci\u00f3n, pr\u00e1cticas preprofesionales y transferencia de conocimiento.<\/p>\n\n\n\n<p class=\"has-text-align-center has-vivid-cyan-blue-color has-text-color has-link-color has-large-font-size wp-elements-0a0d7484a7cff6f763ddc82562c718c9\">\u00a1Seguimos avanzando!<\/p>\n\n\n\n<p><\/p>\n","protected":false},"excerpt":{"rendered":"<p>La Facultad de Ciencias de la Universidad Central del Ecuador ha suscrito un convenio de cooperaci\u00f3n con la empresa Ciberniksa Comunidades Digitales S. A., con el objetivo de fortalecer la colaboraci\u00f3n en proyectos de vinculaci\u00f3n, pr\u00e1cticas preprofesionales y transferencia de conocimiento. \u00a1Seguimos avanzando!<\/p>\n","protected":false},"author":2,"featured_media":2131,"comment_status":"closed","ping_status":"closed","sticky":false,"template":"","format":"standard","meta":{"footnotes":""},"categories":[181,6],"tags":[399],"class_list":["post-2130","post","type-post","status-publish","format-standard","has-post-thumbnail","hentry","category-convenios","category-noticias","tag-ciberniksa"],"_links":{"self":[{"href":"https:\/\/ucentral.org\/informativo\/index.php\/wp-json\/wp\/v2\/posts\/2130","targetHints":{"allow":["GET"]}}],"collection":[{"href":"https:\/\/ucentral.org\/informativo\/index.php\/wp-json\/wp\/v2\/posts"}],"about":[{"href":"https:\/\/ucentral.org\/informativo\/index.php\/wp-json\/wp\/v2\/types\/post"}],"author":[{"embeddable":true,"href":"https:\/\/ucentral.org\/informativo\/index.php\/wp-json\/wp\/v2\/users\/2"}],"replies":[{"embeddable":true,"href":"https:\/\/ucentral.org\/informativo\/index.php\/wp-json\/wp\/v2\/comments?post=2130"}],"version-history":[{"count":1,"href":"https:\/\/ucentral.org\/informativo\/index.php\/wp-json\/wp\/v2\/posts\/2130\/revisions"}],"predecessor-version":[{"id":2132,"href":"https:\/\/ucentral.org\/informativo\/index.php\/wp-json\/wp\/v2\/posts\/2130\/revisions\/2132"}],"wp:featuredmedia":[{"embeddable":true,"href":"https:\/\/ucentral.org\/informativo\/index.php\/wp-json\/wp\/v2\/media\/2131"}],"wp:attachment":[{"href":"https:\/\/ucentral.org\/informativo\/index.php\/wp-json\/wp\/v2\/media?parent=2130"}],"wp:term":[{"taxonomy":"category","embeddable":true,"href":"https:\/\/ucentral.org\/informativo\/index.php\/wp-json\/wp\/v2\/categories?post=2130"},{"taxonomy":"post_tag","embeddable":true,"href":"https:\/\/ucentral.org\/informativo\/index.php\/wp-json\/wp\/v2\/tags?post=2130"}],"curies":[{"name":"wp","href":"https:\/\/api.w.org\/{rel}","templated":true}]}}