{"id":2155,"date":"2025-08-07T23:38:57","date_gmt":"2025-08-08T04:38:57","guid":{"rendered":"https:\/\/ucentral.org\/informativo\/?p=2155"},"modified":"2025-08-07T23:38:57","modified_gmt":"2025-08-08T04:38:57","slug":"iasaludtcbi","status":"publish","type":"post","link":"https:\/\/ucentral.org\/informativo\/index.php\/2025\/08\/07\/iasaludtcbi\/","title":{"rendered":"Taller: Inteligencia Artificial en Salud"},"content":{"rendered":"\n<p>Invitamos a la comunidad acad\u00e9mica y profesional al taller <strong>\u201cInteligencia Artificial en Salud\u201d<\/strong>, que se desarrollar\u00e1 en el marco del <strong>2do Congreso de Actualizaci\u00f3n de Ingenier\u00eda Biom\u00e9dica en Ecuador<\/strong>.<\/p>\n\n\n\n<p>Este taller ser\u00e1 dictado por el <strong>Ing. Flavio L\u00f3pez V.<\/strong>, <strong>colaborador de la Facultad de Ciencias de la Universidad Central del Ecuador<\/strong>, quien compartir\u00e1 su experiencia en el uso de herramientas de IA en salud.<\/p>\n\n\n\n<p>\ud83d\udcc5 <strong>Fecha:<\/strong> 23 de agosto de 2025<br>\ud83d\udd58 <strong>Hora:<\/strong> 09h00 \u2013 11h00<br>\ud83d\udccd <strong>Modalidad presencial (cupos limitados)<\/strong><br>\ud83d\udd22 <strong>Solo 40 cupos disponibles para los primeros inscritos<\/strong><\/p>\n\n\n\n<p>\ud83d\udd17 <strong>Inscr\u00edbete aqu\u00ed:<\/strong> <a>bit.ly\/4m5BWJk<\/a><br>\ud83d\udcf2 Tambi\u00e9n puedes escanear el c\u00f3digo QR del afiche<\/p>\n\n\n\n<p>\u00a1Una oportunidad \u00fanica para explorar la frontera entre tecnolog\u00eda y salud!<\/p>\n\n\n\n<p>#FacultaddeCiencias #UCE #IAenSalud #Ingenier\u00edaBiom\u00e9dica #InteligenciaArtificial #Taller #Capacitaci\u00f3nDocente #SaludDigital #UCEPresente<\/p>\n","protected":false},"excerpt":{"rendered":"<p>Invitamos a la comunidad acad\u00e9mica y profesional al taller \u201cInteligencia Artificial en Salud\u201d, que se desarrollar\u00e1 en el marco del 2do Congreso de Actualizaci\u00f3n de Ingenier\u00eda Biom\u00e9dica en Ecuador. Este taller ser\u00e1 dictado por el Ing. Flavio L\u00f3pez V., colaborador de la Facultad de Ciencias de la Universidad Central del Ecuador, quien compartir\u00e1 su experiencia [&hellip;]<\/p>\n","protected":false},"author":2,"featured_media":2156,"comment_status":"closed","ping_status":"closed","sticky":false,"template":"","format":"standard","meta":{"footnotes":""},"categories":[112,13,164,6,384],"tags":[275,127],"class_list":["post-2155","post","type-post","status-publish","format-standard","has-post-thumbnail","hentry","category-ciencia-central","category-cursos-seminarios","category-eventos","category-noticias","category-ucetech","tag-inteligencia-artificial","tag-salud"],"_links":{"self":[{"href":"https:\/\/ucentral.org\/informativo\/index.php\/wp-json\/wp\/v2\/posts\/2155","targetHints":{"allow":["GET"]}}],"collection":[{"href":"https:\/\/ucentral.org\/informativo\/index.php\/wp-json\/wp\/v2\/posts"}],"about":[{"href":"https:\/\/ucentral.org\/informativo\/index.php\/wp-json\/wp\/v2\/types\/post"}],"author":[{"embeddable":true,"href":"https:\/\/ucentral.org\/informativo\/index.php\/wp-json\/wp\/v2\/users\/2"}],"replies":[{"embeddable":true,"href":"https:\/\/ucentral.org\/informativo\/index.php\/wp-json\/wp\/v2\/comments?post=2155"}],"version-history":[{"count":1,"href":"https:\/\/ucentral.org\/informativo\/index.php\/wp-json\/wp\/v2\/posts\/2155\/revisions"}],"predecessor-version":[{"id":2157,"href":"https:\/\/ucentral.org\/informativo\/index.php\/wp-json\/wp\/v2\/posts\/2155\/revisions\/2157"}],"wp:featuredmedia":[{"embeddable":true,"href":"https:\/\/ucentral.org\/informativo\/index.php\/wp-json\/wp\/v2\/media\/2156"}],"wp:attachment":[{"href":"https:\/\/ucentral.org\/informativo\/index.php\/wp-json\/wp\/v2\/media?parent=2155"}],"wp:term":[{"taxonomy":"category","embeddable":true,"href":"https:\/\/ucentral.org\/informativo\/index.php\/wp-json\/wp\/v2\/categories?post=2155"},{"taxonomy":"post_tag","embeddable":true,"href":"https:\/\/ucentral.org\/informativo\/index.php\/wp-json\/wp\/v2\/tags?post=2155"}],"curies":[{"name":"wp","href":"https:\/\/api.w.org\/{rel}","templated":true}]}}