{"id":2169,"date":"2025-08-12T12:57:37","date_gmt":"2025-08-12T17:57:37","guid":{"rendered":"https:\/\/ucentral.org\/informativo\/?p=2169"},"modified":"2025-08-12T18:01:34","modified_gmt":"2025-08-12T23:01:34","slug":"cadcamodontologiacbi","status":"publish","type":"post","link":"https:\/\/ucentral.org\/informativo\/index.php\/2025\/08\/12\/cadcamodontologiacbi\/","title":{"rendered":"Conferencia: Tecnolog\u00eda CAD\/CAM para Odontolog\u00eda"},"content":{"rendered":"\n<p>Invitamos a la comunidad acad\u00e9mica y profesional a la <strong>Conferencia \u201cTecnolog\u00eda CAD\/CAM para Odontolog\u00eda\u201d<\/strong>, que se desarrollar\u00e1 en el marco del <strong>2do Congreso de Actualizaci\u00f3n de Ingenier\u00eda Biom\u00e9dica en Ecuador<\/strong>.<\/p>\n\n\n\n<p>Esta conferencia ser\u00e1 dictada por el <strong>Dr. Darwin Caina, PhD<\/strong>, docente de la <strong>Facultad de Ciencias de la Universidad Central del Ecuador<\/strong>, quien compartir\u00e1 su experiencia en la aplicaci\u00f3n de tecnolog\u00edas CAD\/CAM en el \u00e1mbito odontol\u00f3gico, potenciando la precisi\u00f3n y calidad en los tratamientos.<\/p>\n\n\n\n<p>La Facultad de Ciencias en colaboraci\u00f3n con la Facultad de Ciencias M\u00e9dicas y Facultad de Odontolog\u00eda innovando para mejorar tu salud.<\/p>\n\n\n\n<p>\ud83d\udcc5 <strong>Fecha:<\/strong> 23 de agosto de 2025<br>\ud83d\udd58 <strong>Hora:<\/strong> 09h00 \u2013 11h00<br>\ud83d\udccd <strong>Modalidad presencial (cupos limitados)<\/strong><\/p>\n\n\n\n<p>\ud83d\udd17 <strong>Inscr\u00edbete aqu\u00ed:<\/strong> <a>bit.ly\/4m5BWJk<\/a><br>\ud83d\udcf2 Tambi\u00e9n puedes escanear el c\u00f3digo QR del afiche<\/p>\n\n\n\n<p class=\"has-text-align-center has-vivid-cyan-blue-color has-text-color has-link-color has-medium-font-size wp-elements-1ca48a924f919177cdccc74e6893dcce\"><strong>\u00a1No te pierdas esta oportunidad para conocer de primera mano c\u00f3mo la tecnolog\u00eda transforma la odontolog\u00eda!<\/strong><\/p>\n\n\n\n<p>FacultaddeCiencias #UCE #Ingenier\u00edaBiom\u00e9dica #Odontolog\u00edaDigital #CADCAM #CongresoBiom\u00e9dico #Tecnolog\u00edaEnSalud #UCEPresente<\/p>\n","protected":false},"excerpt":{"rendered":"<p>Invitamos a la comunidad acad\u00e9mica y profesional a la Conferencia \u201cTecnolog\u00eda CAD\/CAM para Odontolog\u00eda\u201d, que se desarrollar\u00e1 en el marco del 2do Congreso de Actualizaci\u00f3n de Ingenier\u00eda Biom\u00e9dica en Ecuador. Esta conferencia ser\u00e1 dictada por el Dr. Darwin Caina, PhD, docente de la Facultad de Ciencias de la Universidad Central del Ecuador, quien compartir\u00e1 su [&hellip;]<\/p>\n","protected":false},"author":2,"featured_media":2170,"comment_status":"closed","ping_status":"closed","sticky":false,"template":"","format":"standard","meta":{"footnotes":""},"categories":[13,164,404,41,6,384],"tags":[406,252],"class_list":["post-2169","post","type-post","status-publish","format-standard","has-post-thumbnail","hentry","category-cursos-seminarios","category-eventos","category-galileo","category-investigacion","category-noticias","category-ucetech","tag-cad-cam","tag-facultad-de-odontologia"],"_links":{"self":[{"href":"https:\/\/ucentral.org\/informativo\/index.php\/wp-json\/wp\/v2\/posts\/2169","targetHints":{"allow":["GET"]}}],"collection":[{"href":"https:\/\/ucentral.org\/informativo\/index.php\/wp-json\/wp\/v2\/posts"}],"about":[{"href":"https:\/\/ucentral.org\/informativo\/index.php\/wp-json\/wp\/v2\/types\/post"}],"author":[{"embeddable":true,"href":"https:\/\/ucentral.org\/informativo\/index.php\/wp-json\/wp\/v2\/users\/2"}],"replies":[{"embeddable":true,"href":"https:\/\/ucentral.org\/informativo\/index.php\/wp-json\/wp\/v2\/comments?post=2169"}],"version-history":[{"count":2,"href":"https:\/\/ucentral.org\/informativo\/index.php\/wp-json\/wp\/v2\/posts\/2169\/revisions"}],"predecessor-version":[{"id":2177,"href":"https:\/\/ucentral.org\/informativo\/index.php\/wp-json\/wp\/v2\/posts\/2169\/revisions\/2177"}],"wp:featuredmedia":[{"embeddable":true,"href":"https:\/\/ucentral.org\/informativo\/index.php\/wp-json\/wp\/v2\/media\/2170"}],"wp:attachment":[{"href":"https:\/\/ucentral.org\/informativo\/index.php\/wp-json\/wp\/v2\/media?parent=2169"}],"wp:term":[{"taxonomy":"category","embeddable":true,"href":"https:\/\/ucentral.org\/informativo\/index.php\/wp-json\/wp\/v2\/categories?post=2169"},{"taxonomy":"post_tag","embeddable":true,"href":"https:\/\/ucentral.org\/informativo\/index.php\/wp-json\/wp\/v2\/tags?post=2169"}],"curies":[{"name":"wp","href":"https:\/\/api.w.org\/{rel}","templated":true}]}}