{"id":217,"date":"2020-06-07T19:50:34","date_gmt":"2020-06-08T00:50:34","guid":{"rendered":"https:\/\/ucentral.org\/informativo\/?p=217"},"modified":"2020-06-07T19:50:35","modified_gmt":"2020-06-08T00:50:35","slug":"convocatoria-abierta-beca-hubert-h-humphrey","status":"publish","type":"post","link":"https:\/\/ucentral.org\/informativo\/index.php\/2020\/06\/07\/convocatoria-abierta-beca-hubert-h-humphrey\/","title":{"rendered":"Convocatoria abierta Beca Hubert H. Humphrey"},"content":{"rendered":"\n<p>Apertura de\u00a0la convocatoria del programa Hubert H. Humphrey 2021-2022.\u00a0 La fecha l\u00edmite de env\u00edo de aplicaci\u00f3n es\u00a0hasta el 30 de junio de 2020. Todos los detalles\u00a0del programa los pueden\u00a0encontrar haciendo click en la imagen o en este link: <a rel=\"noreferrer noopener\" href=\"https:\/\/www.fulbright.org.ec\/web\/pag.php?c=793\" target=\"_blank\">FulbrightEcuador\/Humphrey<\/a>.<\/p>\n\n\n\n<figure class=\"wp-block-image size-large\"><a href=\"https:\/\/www.fulbright.org.ec\/web\/pag.php?c=793\"><img decoding=\"async\" src=\"https:\/\/ucentral.org\/informativo\/wp-content\/uploads\/2020\/06\/fullbright01.jpg\" alt=\"\" class=\"wp-image-218\"\/><\/a><figcaption><a href=\"https:\/\/www.fulbright.org.ec\/web\/pag.php?c=793\" target=\"_blank\" rel=\"noreferrer noopener\">Comisi\u00f3n Fulbright del Ecuador<\/a><\/figcaption><\/figure>\n\n\n\n<p><\/p>\n","protected":false},"excerpt":{"rendered":"<p>Apertura de\u00a0la convocatoria del programa Hubert H. Humphrey 2021-2022.\u00a0 La fecha l\u00edmite de env\u00edo de aplicaci\u00f3n es\u00a0hasta el 30 de junio de 2020. Todos los detalles\u00a0del programa los pueden\u00a0encontrar haciendo click en la imagen o en este link: FulbrightEcuador\/Humphrey.<\/p>\n","protected":false},"author":2,"featured_media":0,"comment_status":"closed","ping_status":"closed","sticky":false,"template":"","format":"standard","meta":{"footnotes":""},"categories":[19,13,6],"tags":[21,20,25,24,22,23],"class_list":["post-217","post","type-post","status-publish","format-standard","hentry","category-becas","category-cursos-seminarios","category-noticias","tag-beca","tag-convocatoria","tag-ecuador","tag-fullbright","tag-hubert","tag-humphrey"],"_links":{"self":[{"href":"https:\/\/ucentral.org\/informativo\/index.php\/wp-json\/wp\/v2\/posts\/217","targetHints":{"allow":["GET"]}}],"collection":[{"href":"https:\/\/ucentral.org\/informativo\/index.php\/wp-json\/wp\/v2\/posts"}],"about":[{"href":"https:\/\/ucentral.org\/informativo\/index.php\/wp-json\/wp\/v2\/types\/post"}],"author":[{"embeddable":true,"href":"https:\/\/ucentral.org\/informativo\/index.php\/wp-json\/wp\/v2\/users\/2"}],"replies":[{"embeddable":true,"href":"https:\/\/ucentral.org\/informativo\/index.php\/wp-json\/wp\/v2\/comments?post=217"}],"version-history":[{"count":1,"href":"https:\/\/ucentral.org\/informativo\/index.php\/wp-json\/wp\/v2\/posts\/217\/revisions"}],"predecessor-version":[{"id":219,"href":"https:\/\/ucentral.org\/informativo\/index.php\/wp-json\/wp\/v2\/posts\/217\/revisions\/219"}],"wp:attachment":[{"href":"https:\/\/ucentral.org\/informativo\/index.php\/wp-json\/wp\/v2\/media?parent=217"}],"wp:term":[{"taxonomy":"category","embeddable":true,"href":"https:\/\/ucentral.org\/informativo\/index.php\/wp-json\/wp\/v2\/categories?post=217"},{"taxonomy":"post_tag","embeddable":true,"href":"https:\/\/ucentral.org\/informativo\/index.php\/wp-json\/wp\/v2\/tags?post=217"}],"curies":[{"name":"wp","href":"https:\/\/api.w.org\/{rel}","templated":true}]}}