{"id":2173,"date":"2025-08-12T13:03:23","date_gmt":"2025-08-12T18:03:23","guid":{"rendered":"https:\/\/ucentral.org\/informativo\/?p=2173"},"modified":"2025-08-12T18:01:13","modified_gmt":"2025-08-12T23:01:13","slug":"iasaludeccbi","status":"publish","type":"post","link":"https:\/\/ucentral.org\/informativo\/index.php\/2025\/08\/12\/iasaludeccbi\/","title":{"rendered":"Conferencia: Introducci\u00f3n a la Salud Digital mediante IA en el Ecuador"},"content":{"rendered":"\n<p>Invitamos a la comunidad acad\u00e9mica y profesional a la <strong>Conferencia \u201cIntroducci\u00f3n a la Salud Digital mediante IA en el Ecuador\u201d<\/strong>, que se desarrollar\u00e1 en el marco del <strong>2do Congreso de Actualizaci\u00f3n de Ingenier\u00eda Biom\u00e9dica en Ecuador<\/strong>.<\/p>\n\n\n\n<p>Esta conferencia ser\u00e1 dictada por el <strong>Ing. Rodrigo Cargua<\/strong>, Mag\u00edster en Transformaci\u00f3n Digital especializado en Salud Digital, quien compartir\u00e1 su experiencia y conocimientos sobre la integraci\u00f3n de la inteligencia artificial en los sistemas de salud, as\u00ed como su potencial para transformar la atenci\u00f3n m\u00e9dica en nuestro pa\u00eds.<\/p>\n\n\n\n<p>\ud83d\udcc5 <strong>Fecha:<\/strong> 22 de agosto de 2025<br>\ud83d\udd58 <strong>Hora:<\/strong> 09h00 \u2013 11h00<br>\ud83d\udccd <strong>Modalidad presencial (cupos limitados)<\/strong><\/p>\n\n\n\n<p>\ud83d\udd17 <strong>Inscr\u00edbete aqu\u00ed:<\/strong> <a>bit.ly\/4m5BWJk<\/a><br>\ud83d\udcf2 Tambi\u00e9n puedes escanear el c\u00f3digo QR del afiche<\/p>\n\n\n\n<p class=\"has-text-align-center has-vivid-cyan-blue-color has-text-color has-link-color has-medium-font-size wp-elements-46211e137bbd03509088fe5ac00c79f8\"><strong>\u00a1No te pierdas esta oportunidad para conocer c\u00f3mo la inteligencia artificial impulsa la innovaci\u00f3n en salud en Ecuador!<\/strong><\/p>\n\n\n\n<p>#FacultaddeCiencias #UCE #Ingenier\u00edaBiom\u00e9dica #SaludDigital #InteligenciaArtificial #CongresoBiom\u00e9dico #Transformaci\u00f3nDigital #UCEPresente<\/p>\n","protected":false},"excerpt":{"rendered":"<p>Invitamos a la comunidad acad\u00e9mica y profesional a la Conferencia \u201cIntroducci\u00f3n a la Salud Digital mediante IA en el Ecuador\u201d, que se desarrollar\u00e1 en el marco del 2do Congreso de Actualizaci\u00f3n de Ingenier\u00eda Biom\u00e9dica en Ecuador. Esta conferencia ser\u00e1 dictada por el Ing. Rodrigo Cargua, Mag\u00edster en Transformaci\u00f3n Digital especializado en Salud Digital, quien compartir\u00e1 [&hellip;]<\/p>\n","protected":false},"author":2,"featured_media":2171,"comment_status":"closed","ping_status":"closed","sticky":false,"template":"","format":"standard","meta":{"footnotes":""},"categories":[112,213,13,164,41,6,384,73],"tags":[401,127],"class_list":["post-2173","post","type-post","status-publish","format-standard","has-post-thumbnail","hentry","category-ciencia-central","category-convocatoria","category-cursos-seminarios","category-eventos","category-investigacion","category-noticias","category-ucetech","category-webinar","tag-ia","tag-salud"],"_links":{"self":[{"href":"https:\/\/ucentral.org\/informativo\/index.php\/wp-json\/wp\/v2\/posts\/2173","targetHints":{"allow":["GET"]}}],"collection":[{"href":"https:\/\/ucentral.org\/informativo\/index.php\/wp-json\/wp\/v2\/posts"}],"about":[{"href":"https:\/\/ucentral.org\/informativo\/index.php\/wp-json\/wp\/v2\/types\/post"}],"author":[{"embeddable":true,"href":"https:\/\/ucentral.org\/informativo\/index.php\/wp-json\/wp\/v2\/users\/2"}],"replies":[{"embeddable":true,"href":"https:\/\/ucentral.org\/informativo\/index.php\/wp-json\/wp\/v2\/comments?post=2173"}],"version-history":[{"count":3,"href":"https:\/\/ucentral.org\/informativo\/index.php\/wp-json\/wp\/v2\/posts\/2173\/revisions"}],"predecessor-version":[{"id":2176,"href":"https:\/\/ucentral.org\/informativo\/index.php\/wp-json\/wp\/v2\/posts\/2173\/revisions\/2176"}],"wp:featuredmedia":[{"embeddable":true,"href":"https:\/\/ucentral.org\/informativo\/index.php\/wp-json\/wp\/v2\/media\/2171"}],"wp:attachment":[{"href":"https:\/\/ucentral.org\/informativo\/index.php\/wp-json\/wp\/v2\/media?parent=2173"}],"wp:term":[{"taxonomy":"category","embeddable":true,"href":"https:\/\/ucentral.org\/informativo\/index.php\/wp-json\/wp\/v2\/categories?post=2173"},{"taxonomy":"post_tag","embeddable":true,"href":"https:\/\/ucentral.org\/informativo\/index.php\/wp-json\/wp\/v2\/tags?post=2173"}],"curies":[{"name":"wp","href":"https:\/\/api.w.org\/{rel}","templated":true}]}}