{"id":2178,"date":"2025-08-12T18:39:03","date_gmt":"2025-08-12T23:39:03","guid":{"rendered":"https:\/\/ucentral.org\/informativo\/?p=2178"},"modified":"2025-08-12T18:39:04","modified_gmt":"2025-08-12T23:39:04","slug":"multiespectral1","status":"publish","type":"post","link":"https:\/\/ucentral.org\/informativo\/index.php\/2025\/08\/12\/multiespectral1\/","title":{"rendered":"Jornada de capacitaci\u00f3n en Tecnolog\u00eda Multiespectral"},"content":{"rendered":"\n<p><strong>Con \u00e9xito se desarroll\u00f3 la jornada de capacitaci\u00f3n en Tecnolog\u00eda Multiespectral<\/strong> gracias al convenio entre la <strong>Facultad de Ciencias de la Universidad Central del Ecuador<\/strong> y el <strong>INIAP<\/strong>.<\/p>\n\n\n\n<p>Durante la actividad, los participantes recibieron formaci\u00f3n te\u00f3rica y pr\u00e1ctica sobre el uso de drones multiespectrales y el postproceso de im\u00e1genes, fortaleciendo sus competencias para la investigaci\u00f3n y la innovaci\u00f3n en el sector agr\u00edcola y ambiental.<\/p>\n\n\n\n<p>Este espacio reafirma la colaboraci\u00f3n entre ambas instituciones y el compromiso con la transferencia de tecnolog\u00eda y la vinculaci\u00f3n con el sector productivo, contribuyendo al desarrollo cient\u00edfico y tecnol\u00f3gico del pa\u00eds.<\/p>\n\n\n\n<figure class=\"wp-block-image size-large\"><img loading=\"lazy\" decoding=\"async\" width=\"1024\" height=\"521\" src=\"https:\/\/ucentral.org\/informativo\/wp-content\/uploads\/2025\/08\/iniapMultiespectral02-1024x521.jpg\" alt=\"\" class=\"wp-image-2182\" srcset=\"https:\/\/ucentral.org\/informativo\/wp-content\/uploads\/2025\/08\/iniapMultiespectral02-1024x521.jpg 1024w, https:\/\/ucentral.org\/informativo\/wp-content\/uploads\/2025\/08\/iniapMultiespectral02-300x153.jpg 300w, https:\/\/ucentral.org\/informativo\/wp-content\/uploads\/2025\/08\/iniapMultiespectral02-768x391.jpg 768w, https:\/\/ucentral.org\/informativo\/wp-content\/uploads\/2025\/08\/iniapMultiespectral02.jpg 1329w\" sizes=\"auto, (max-width: 1024px) 100vw, 1024px\" \/><\/figure>\n\n\n\n<figure class=\"wp-block-gallery has-nested-images columns-default is-cropped wp-block-gallery-1 is-layout-flex wp-block-gallery-is-layout-flex\">\n<figure class=\"wp-block-image size-large\"><img loading=\"lazy\" decoding=\"async\" width=\"462\" height=\"786\" data-id=\"2180\" src=\"https:\/\/ucentral.org\/informativo\/wp-content\/uploads\/2025\/08\/iniapMultiespectral06.jpg\" alt=\"\" class=\"wp-image-2180\" srcset=\"https:\/\/ucentral.org\/informativo\/wp-content\/uploads\/2025\/08\/iniapMultiespectral06.jpg 462w, https:\/\/ucentral.org\/informativo\/wp-content\/uploads\/2025\/08\/iniapMultiespectral06-176x300.jpg 176w\" sizes=\"auto, (max-width: 462px) 100vw, 462px\" \/><\/figure>\n\n\n\n<figure class=\"wp-block-image size-large\"><img loading=\"lazy\" decoding=\"async\" width=\"433\" height=\"709\" data-id=\"2179\" src=\"https:\/\/ucentral.org\/informativo\/wp-content\/uploads\/2025\/08\/iniapMultiespectral05.jpg\" alt=\"\" class=\"wp-image-2179\" srcset=\"https:\/\/ucentral.org\/informativo\/wp-content\/uploads\/2025\/08\/iniapMultiespectral05.jpg 433w, https:\/\/ucentral.org\/informativo\/wp-content\/uploads\/2025\/08\/iniapMultiespectral05-183x300.jpg 183w\" sizes=\"auto, (max-width: 433px) 100vw, 433px\" \/><\/figure>\n<\/figure>\n","protected":false},"excerpt":{"rendered":"<p>Con \u00e9xito se desarroll\u00f3 la jornada de capacitaci\u00f3n en Tecnolog\u00eda Multiespectral gracias al convenio entre la Facultad de Ciencias de la Universidad Central del Ecuador y el INIAP. Durante la actividad, los participantes recibieron formaci\u00f3n te\u00f3rica y pr\u00e1ctica sobre el uso de drones multiespectrales y el postproceso de im\u00e1genes, fortaleciendo sus competencias para la investigaci\u00f3n [&hellip;]<\/p>\n","protected":false},"author":2,"featured_media":2181,"comment_status":"closed","ping_status":"closed","sticky":false,"template":"","format":"standard","meta":{"footnotes":""},"categories":[112,13,164,404,41,6,384,280],"tags":[149,365],"class_list":["post-2178","post","type-post","status-publish","format-standard","has-post-thumbnail","hentry","category-ciencia-central","category-cursos-seminarios","category-eventos","category-galileo","category-investigacion","category-noticias","category-ucetech","category-vinculacion","tag-facultad-de-ciencias","tag-iniap"],"_links":{"self":[{"href":"https:\/\/ucentral.org\/informativo\/index.php\/wp-json\/wp\/v2\/posts\/2178","targetHints":{"allow":["GET"]}}],"collection":[{"href":"https:\/\/ucentral.org\/informativo\/index.php\/wp-json\/wp\/v2\/posts"}],"about":[{"href":"https:\/\/ucentral.org\/informativo\/index.php\/wp-json\/wp\/v2\/types\/post"}],"author":[{"embeddable":true,"href":"https:\/\/ucentral.org\/informativo\/index.php\/wp-json\/wp\/v2\/users\/2"}],"replies":[{"embeddable":true,"href":"https:\/\/ucentral.org\/informativo\/index.php\/wp-json\/wp\/v2\/comments?post=2178"}],"version-history":[{"count":1,"href":"https:\/\/ucentral.org\/informativo\/index.php\/wp-json\/wp\/v2\/posts\/2178\/revisions"}],"predecessor-version":[{"id":2184,"href":"https:\/\/ucentral.org\/informativo\/index.php\/wp-json\/wp\/v2\/posts\/2178\/revisions\/2184"}],"wp:featuredmedia":[{"embeddable":true,"href":"https:\/\/ucentral.org\/informativo\/index.php\/wp-json\/wp\/v2\/media\/2181"}],"wp:attachment":[{"href":"https:\/\/ucentral.org\/informativo\/index.php\/wp-json\/wp\/v2\/media?parent=2178"}],"wp:term":[{"taxonomy":"category","embeddable":true,"href":"https:\/\/ucentral.org\/informativo\/index.php\/wp-json\/wp\/v2\/categories?post=2178"},{"taxonomy":"post_tag","embeddable":true,"href":"https:\/\/ucentral.org\/informativo\/index.php\/wp-json\/wp\/v2\/tags?post=2178"}],"curies":[{"name":"wp","href":"https:\/\/api.w.org\/{rel}","templated":true}]}}