{"id":222,"date":"2020-06-08T11:59:27","date_gmt":"2020-06-08T16:59:27","guid":{"rendered":"https:\/\/ucentral.org\/informativo\/?p=222"},"modified":"2020-06-08T12:01:00","modified_gmt":"2020-06-08T17:01:00","slug":"primera-escuela-de-geometria-dia-1","status":"publish","type":"post","link":"https:\/\/ucentral.org\/informativo\/index.php\/2020\/06\/08\/primera-escuela-de-geometria-dia-1\/","title":{"rendered":"Primera Escuela de Geometr\u00eda- D\u00eda 1"},"content":{"rendered":"\n<p>Aqu\u00ed podr\u00e1s encontrar los links para asistir a la Primera Escuela de Geometr\u00eda:<\/p>\n\n\n\n<p><strong>D\u00eda 1: <\/strong><\/p>\n\n\n\n<p><strong>Zoom:<\/strong> <a rel=\"noreferrer noopener\" href=\"https:\/\/udlaenlinea.zoom.us\/j\/8895482423\" target=\"_blank\">https:\/\/udlaenlinea.zoom.us\/j\/8895482423<\/a><\/p>\n\n\n\n<p><strong>Facebok:<\/strong> <a href=\"https:\/\/www.facebook.com\/100001838434769\/videos\/3860018644069379\/\" target=\"_blank\" rel=\"noreferrer noopener\">https:\/\/www.facebook.com\/100001838434769\/videos\/3860018644069379\/<\/a><\/p>\n","protected":false},"excerpt":{"rendered":"<p>Aqu\u00ed podr\u00e1s encontrar los links para asistir a la Primera Escuela de Geometr\u00eda: D\u00eda 1: Zoom: https:\/\/udlaenlinea.zoom.us\/j\/8895482423 Facebok: https:\/\/www.facebook.com\/100001838434769\/videos\/3860018644069379\/<\/p>\n","protected":false},"author":2,"featured_media":0,"comment_status":"open","ping_status":"closed","sticky":false,"template":"","format":"standard","meta":{"footnotes":""},"categories":[13,6],"tags":[26,11,12,27],"class_list":["post-222","post","type-post","status-publish","format-standard","hentry","category-cursos-seminarios","category-noticias","tag-curso","tag-escuela","tag-geometria","tag-primera"],"_links":{"self":[{"href":"https:\/\/ucentral.org\/informativo\/index.php\/wp-json\/wp\/v2\/posts\/222","targetHints":{"allow":["GET"]}}],"collection":[{"href":"https:\/\/ucentral.org\/informativo\/index.php\/wp-json\/wp\/v2\/posts"}],"about":[{"href":"https:\/\/ucentral.org\/informativo\/index.php\/wp-json\/wp\/v2\/types\/post"}],"author":[{"embeddable":true,"href":"https:\/\/ucentral.org\/informativo\/index.php\/wp-json\/wp\/v2\/users\/2"}],"replies":[{"embeddable":true,"href":"https:\/\/ucentral.org\/informativo\/index.php\/wp-json\/wp\/v2\/comments?post=222"}],"version-history":[{"count":1,"href":"https:\/\/ucentral.org\/informativo\/index.php\/wp-json\/wp\/v2\/posts\/222\/revisions"}],"predecessor-version":[{"id":223,"href":"https:\/\/ucentral.org\/informativo\/index.php\/wp-json\/wp\/v2\/posts\/222\/revisions\/223"}],"wp:attachment":[{"href":"https:\/\/ucentral.org\/informativo\/index.php\/wp-json\/wp\/v2\/media?parent=222"}],"wp:term":[{"taxonomy":"category","embeddable":true,"href":"https:\/\/ucentral.org\/informativo\/index.php\/wp-json\/wp\/v2\/categories?post=222"},{"taxonomy":"post_tag","embeddable":true,"href":"https:\/\/ucentral.org\/informativo\/index.php\/wp-json\/wp\/v2\/tags?post=222"}],"curies":[{"name":"wp","href":"https:\/\/api.w.org\/{rel}","templated":true}]}}