{"id":224,"date":"2020-06-08T12:09:23","date_gmt":"2020-06-08T17:09:23","guid":{"rendered":"https:\/\/ucentral.org\/informativo\/?p=224"},"modified":"2020-06-08T12:09:24","modified_gmt":"2020-06-08T17:09:24","slug":"desafios-de-la-nueva-normalidad-para-los-emprendedores-y-mipyme","status":"publish","type":"post","link":"https:\/\/ucentral.org\/informativo\/index.php\/2020\/06\/08\/desafios-de-la-nueva-normalidad-para-los-emprendedores-y-mipyme\/","title":{"rendered":"Desaf\u00edos de la nueva normalidad para los emprendedores y MIPYME"},"content":{"rendered":"\n<p><strong>Fecha:<\/strong> Martes, 9 de junio de 2020<br><strong>Hora: <\/strong>18h00<br><strong>Lugar:<\/strong> Plataforma Zoom<br>El Observatorio de la PyME de la Universidad Andina Sim\u00f3n Bol\u00edvar invita al I Ciclo Internacional de Conferencias \u201cDesaf\u00edos de la nueva normalidad para los emprendedores y MIPYME\u201d. \u00a0 El objetivo de esta actividad es presentar algunas herramientas pr\u00e1cticas, que puedan utilizar los emprendedores y las micro, peque\u00f1as y medianas empresas (MIPYME) para adaptarse y enfrentar la crisis actual de COVID-19. Tema: Herramientas para emprendedores y MIPYME en situaciones de crisis. \u00a0 <\/p>\n\n\n\n<ul class=\"wp-block-list\"><li><strong>Ponentes<\/strong>:<\/li><li>Gustavo Gallo (Ecuador), docente de la Universidad Andina Sim\u00f3n Bol\u00edvar.<\/li><\/ul>\n\n\n\n<p><strong>Tema:<\/strong> Marketing y comunicaci\u00f3n digital para emprendedores y las MIPYME. \u00a0<\/p>\n\n\n\n<ul class=\"wp-block-list\"><li>Fernando Zelada (Per\u00fa), gerente general Mercadeando S.A.<\/li><\/ul>\n\n\n\n<p><strong>Tema:<\/strong> \u00bfC\u00f3mo las PYME pueden recuperar mercados y clientes en la crisis actual? \u00a0<\/p>\n\n\n\n<ul class=\"wp-block-list\"><li>Giovanni Lucero (Ecuador), docente del Business School de la Universidad Internacional SEK Ecuador.<\/li><\/ul>\n\n\n\n<p><strong>Tema: <\/strong>Oportunidades basadas en la innovaci\u00f3n para enfrentar la crisis: recomendaciones y acciones pr\u00e1cticas. \u00a0<\/p>\n\n\n\n<ul class=\"wp-block-list\"><li>Ver\u00f3nica Rivadeneira (Ecuador), periodista de EcuadorTV<\/li><\/ul>\n\n\n\n<p><strong>Tema: <\/strong>La Comunicaci\u00f3n y el buen uso de las redes sociales digitales. \u00a0<\/p>\n\n\n\n<ul class=\"wp-block-list\"><li><strong>Moderador:<\/strong> Wilson Araque, Vicerrector de la Universidad Andina Sim\u00f3n Bol\u00edvar.<\/li><\/ul>\n\n\n\n<p><strong>Inscripciones: \u00a0<\/strong> La participaci\u00f3n en esta actividad es gratuita. Las personas interesadas en asistir deben inscribirse en el siguiente formulario en l\u00ednea. Las personas que deseen certificado de asistencia deben cancelar USD. 20 (pago en l\u00ednea). \u00a0<\/p>\n\n\n\n<figure class=\"wp-block-table\"><table><tbody><tr><td><a href=\"http:\/\/aplicaciones.uasb.edu.ec:8080\/PortalV\/registroCA.xhtml?actividad=1742\"><strong>Formulario de inscripci\u00f3n<\/strong><\/a><\/td><\/tr><\/tbody><\/table><figcaption>UASB<\/figcaption><\/figure>\n","protected":false},"excerpt":{"rendered":"<p>Fecha: Martes, 9 de junio de 2020Hora: 18h00Lugar: Plataforma ZoomEl Observatorio de la PyME de la Universidad Andina Sim\u00f3n Bol\u00edvar invita al I Ciclo Internacional de Conferencias \u201cDesaf\u00edos de la nueva normalidad para los emprendedores y MIPYME\u201d. \u00a0 El objetivo de esta actividad es presentar algunas herramientas pr\u00e1cticas, que puedan utilizar los emprendedores y las [&hellip;]<\/p>\n","protected":false},"author":2,"featured_media":0,"comment_status":"closed","ping_status":"closed","sticky":false,"template":"","format":"standard","meta":{"footnotes":""},"categories":[13,6],"tags":[33,31,32,30,29],"class_list":["post-224","post","type-post","status-publish","format-standard","hentry","category-cursos-seminarios","category-noticias","tag-covid19","tag-emprendedor","tag-emprendimiento","tag-mipyme","tag-uasb"],"_links":{"self":[{"href":"https:\/\/ucentral.org\/informativo\/index.php\/wp-json\/wp\/v2\/posts\/224","targetHints":{"allow":["GET"]}}],"collection":[{"href":"https:\/\/ucentral.org\/informativo\/index.php\/wp-json\/wp\/v2\/posts"}],"about":[{"href":"https:\/\/ucentral.org\/informativo\/index.php\/wp-json\/wp\/v2\/types\/post"}],"author":[{"embeddable":true,"href":"https:\/\/ucentral.org\/informativo\/index.php\/wp-json\/wp\/v2\/users\/2"}],"replies":[{"embeddable":true,"href":"https:\/\/ucentral.org\/informativo\/index.php\/wp-json\/wp\/v2\/comments?post=224"}],"version-history":[{"count":1,"href":"https:\/\/ucentral.org\/informativo\/index.php\/wp-json\/wp\/v2\/posts\/224\/revisions"}],"predecessor-version":[{"id":226,"href":"https:\/\/ucentral.org\/informativo\/index.php\/wp-json\/wp\/v2\/posts\/224\/revisions\/226"}],"wp:attachment":[{"href":"https:\/\/ucentral.org\/informativo\/index.php\/wp-json\/wp\/v2\/media?parent=224"}],"wp:term":[{"taxonomy":"category","embeddable":true,"href":"https:\/\/ucentral.org\/informativo\/index.php\/wp-json\/wp\/v2\/categories?post=224"},{"taxonomy":"post_tag","embeddable":true,"href":"https:\/\/ucentral.org\/informativo\/index.php\/wp-json\/wp\/v2\/tags?post=224"}],"curies":[{"name":"wp","href":"https:\/\/api.w.org\/{rel}","templated":true}]}}