{"id":2275,"date":"2025-08-17T21:00:03","date_gmt":"2025-08-18T02:00:03","guid":{"rendered":"https:\/\/ucentral.org\/informativo\/?p=2275"},"modified":"2025-08-17T21:31:33","modified_gmt":"2025-08-18T02:31:33","slug":"ciief2025colombiaa1","status":"publish","type":"post","link":"https:\/\/ucentral.org\/informativo\/index.php\/2025\/08\/17\/ciief2025colombiaa1\/","title":{"rendered":"4to Congreso Internacional de Investigaci\u00f3n y Ense\u00f1anza de la F\u00edsica"},"content":{"rendered":"\n<p><strong>\ud83c\udf0d 4to Congreso Internacional de Investigaci\u00f3n y Ense\u00f1anza de la F\u00edsica \u2013 CIIEF 2025<\/strong><\/p>\n\n\n\n<p>La f\u00edsica y su aporte a la sustentabilidad y sostenibilidad ser\u00e1n el eje central de este gran encuentro acad\u00e9mico internacional que reunir\u00e1 a investigadores, docentes y estudiantes de diversas instituciones.<\/p>\n\n\n\n<p>\ud83d\udcc5 <strong>Fechas:<\/strong> 21, 22 y 23 de octubre de 2025<br>\ud83d\udccd <strong>Modalidad h\u00edbrida:<\/strong> presencial y virtual (con transmisi\u00f3n en vivo gratuita por YouTube UNAD)<\/p>\n\n\n\n<p>\ud83c\udfaf <strong>Ejes tem\u00e1ticos:<\/strong><\/p>\n\n\n\n<ul class=\"wp-block-list\">\n<li>F\u00edsica aplicada a la ingenier\u00eda, la educaci\u00f3n y la sostenibilidad.<\/li>\n\n\n\n<li>F\u00edsica te\u00f3rica, computacional y experimental para la sustentabilidad.<\/li>\n\n\n\n<li>Ense\u00f1anza de la f\u00edsica y cultura cient\u00edfica para la sostenibilidad.<\/li>\n<\/ul>\n\n\n\n<p>\ud83d\udccc <strong>Plazos importantes:<\/strong><\/p>\n\n\n\n<ul class=\"wp-block-list\">\n<li>Env\u00edo de ponencias y p\u00f3sters: hasta el <strong>20 de septiembre de 2025<\/strong><\/li>\n\n\n\n<li>Revisi\u00f3n y aceptaci\u00f3n de trabajos: hasta el <strong>10 de octubre de 2025<\/strong><\/li>\n<\/ul>\n\n\n\n<p>\ud83d\udd17 M\u00e1s informaci\u00f3n en la p\u00e1gina oficial: <a>https:\/\/sites.google.com\/upq.edu.mx\/ciief2025<\/a><\/p>\n\n\n\n<p><strong>Ejes tem\u00e1ticos:&nbsp;<\/strong><a href=\"https:\/\/sites.google.com\/upq.edu.mx\/ciief2025\/ejes-tem%C3%A1ticos?authuser=0\">disponible aqu\u00ed<\/a>&nbsp;&nbsp; |&nbsp;&nbsp;<strong>Registro de ponencias y posters:<\/strong>&nbsp;<a href=\"https:\/\/forms.gle\/7kRvcwcyeNUpTvDF9\">Formulario de inscripci\u00f3n disponible aqu\u00ed<\/a>&nbsp;|&nbsp;<strong>Web del Congreso:<\/strong>&nbsp;<a href=\"https:\/\/sites.google.com\/upq.edu.mx\/ciief2025\/inicio?authuser=0\">disponible aqu\u00ed<\/a><\/p>\n\n\n\n<p>Para m\u00e1s informaci\u00f3n, puede contactarse con la coordinaci\u00f3n del evento al correo:&nbsp;<a href=\"mailto:diana.tique@unad.edu.co?subject=UNAD-Facultad%20de%20Ciencias%20UCE\"><strong>diana.tique@unad.edu.co<\/strong><\/a><\/p>\n\n\n\n<p>Esperamos contar con su valiosa participaci\u00f3n en este espacio de construcci\u00f3n colectiva y reflexi\u00f3n cient\u00edfica.<\/p>\n\n\n\n<p class=\"has-text-align-center has-vivid-cyan-blue-color has-text-color has-link-color has-medium-font-size wp-elements-45badb3b19637a99e116b163285c1f92\"><strong>Universidad Nacional Abierta y a Distancia \u2013 UNAD<\/strong><br><strong>Facultad de Ciencias \u2013 Universidad Central del Ecuador<\/strong><\/p>\n\n\n\n<p>\u00a1Una oportunidad \u00fanica para compartir conocimiento, innovaci\u00f3n y pasi\u00f3n por la ciencia! \ud83d\ude80<\/p>\n\n\n\n<p>#CIIEF2025 #F\u00edsica #Investigaci\u00f3n #Educaci\u00f3n #Sostenibilidad #CongresoInternacional<\/p>\n\n\n\n<p><\/p>\n","protected":false},"excerpt":{"rendered":"<p>\ud83c\udf0d 4to Congreso Internacional de Investigaci\u00f3n y Ense\u00f1anza de la F\u00edsica \u2013 CIIEF 2025 La f\u00edsica y su aporte a la sustentabilidad y sostenibilidad ser\u00e1n el eje central de este gran encuentro acad\u00e9mico internacional que reunir\u00e1 a investigadores, docentes y estudiantes de diversas instituciones. \ud83d\udcc5 Fechas: 21, 22 y 23 de octubre de 2025\ud83d\udccd Modalidad [&hellip;]<\/p>\n","protected":false},"author":2,"featured_media":2276,"comment_status":"closed","ping_status":"closed","sticky":false,"template":"","format":"standard","meta":{"footnotes":""},"categories":[112,13,164,41,6,73],"tags":[402,403,149,408],"class_list":["post-2275","post","type-post","status-publish","format-standard","has-post-thumbnail","hentry","category-ciencia-central","category-cursos-seminarios","category-eventos","category-investigacion","category-noticias","category-webinar","tag-ciief","tag-colombia","tag-facultad-de-ciencias","tag-unad"],"_links":{"self":[{"href":"https:\/\/ucentral.org\/informativo\/index.php\/wp-json\/wp\/v2\/posts\/2275","targetHints":{"allow":["GET"]}}],"collection":[{"href":"https:\/\/ucentral.org\/informativo\/index.php\/wp-json\/wp\/v2\/posts"}],"about":[{"href":"https:\/\/ucentral.org\/informativo\/index.php\/wp-json\/wp\/v2\/types\/post"}],"author":[{"embeddable":true,"href":"https:\/\/ucentral.org\/informativo\/index.php\/wp-json\/wp\/v2\/users\/2"}],"replies":[{"embeddable":true,"href":"https:\/\/ucentral.org\/informativo\/index.php\/wp-json\/wp\/v2\/comments?post=2275"}],"version-history":[{"count":2,"href":"https:\/\/ucentral.org\/informativo\/index.php\/wp-json\/wp\/v2\/posts\/2275\/revisions"}],"predecessor-version":[{"id":2279,"href":"https:\/\/ucentral.org\/informativo\/index.php\/wp-json\/wp\/v2\/posts\/2275\/revisions\/2279"}],"wp:featuredmedia":[{"embeddable":true,"href":"https:\/\/ucentral.org\/informativo\/index.php\/wp-json\/wp\/v2\/media\/2276"}],"wp:attachment":[{"href":"https:\/\/ucentral.org\/informativo\/index.php\/wp-json\/wp\/v2\/media?parent=2275"}],"wp:term":[{"taxonomy":"category","embeddable":true,"href":"https:\/\/ucentral.org\/informativo\/index.php\/wp-json\/wp\/v2\/categories?post=2275"},{"taxonomy":"post_tag","embeddable":true,"href":"https:\/\/ucentral.org\/informativo\/index.php\/wp-json\/wp\/v2\/tags?post=2275"}],"curies":[{"name":"wp","href":"https:\/\/api.w.org\/{rel}","templated":true}]}}