{"id":2283,"date":"2025-08-23T00:17:40","date_gmt":"2025-08-23T05:17:40","guid":{"rendered":"https:\/\/ucentral.org\/informativo\/?p=2283"},"modified":"2025-08-23T00:35:35","modified_gmt":"2025-08-23T05:35:35","slug":"2cibm","status":"publish","type":"post","link":"https:\/\/ucentral.org\/informativo\/index.php\/2025\/08\/23\/2cibm\/","title":{"rendered":"La UCE inaugura el 2do Congreso de Actualizaci\u00f3n de Ingenier\u00eda Biom\u00e9dica en Ecuador"},"content":{"rendered":"\n<p>Este 22 de agosto se inaugur\u00f3 el <strong>Segundo Congreso de Actualizaci\u00f3n de Ingenier\u00eda Biom\u00e9dica en Ecuador<\/strong>, un espacio acad\u00e9mico que convoca a la comunidad cient\u00edfica, al sector p\u00fablico y a la empresa privada para reflexionar, dialogar y compartir conocimientos sobre el futuro de la ciencia y la salud en el pa\u00eds.<\/p>\n\n\n\n<p>El evento es coorganizado por la <strong>Facultad de Ciencias M\u00e9dicas<\/strong>, a trav\u00e9s de su Cl\u00ednica de Simulaci\u00f3n M\u00e9dica y Rob\u00f3tica, y la <strong>Facultad de Ciencias de la Universidad Central del Ecuador<\/strong>. El congreso se desarrolla del <strong>22 al 24 de agosto de 2025<\/strong>, con la participaci\u00f3n de docentes, investigadores, profesionales de la salud, estudiantes y proveedores de tecnolog\u00eda m\u00e9dica.<\/p>\n\n\n\n<p>Durante el acto inaugural, el <strong>Dr. Patricio Espinosa, rector de la UCE<\/strong>, subray\u00f3 que la prevenci\u00f3n, el diagn\u00f3stico y el tratamiento de enfermedades se fundamentan en una s\u00f3lida formaci\u00f3n acad\u00e9mica. En este sentido, destac\u00f3 que encuentros como este son indispensables porque permiten acercar a los estudiantes a los avances cient\u00edficos y tecnol\u00f3gicos que contribuyen a mejorar la calidad de vida de la sociedad. El <strong>Dr. Ocampo<\/strong>, expres\u00f3 la importancia de la innovaci\u00f3n m\u00e9dica en el desarrollo de la medicina.<\/p>\n\n\n\n<p>Por su parte, el <strong>Dr. Franz Del Pozo, decano de la Facultad de Ciencias<\/strong>, enfatiz\u00f3 la importancia de fortalecer los v\u00ednculos interdisciplinarios y de trabajar en conjunto para impulsar la innovaci\u00f3n, la sostenibilidad y el impacto social de la ingenier\u00eda biom\u00e9dica en Ecuador. \u201cUnamos talentos y saberes para transformar la educaci\u00f3n, la investigaci\u00f3n y el sistema de salud ecuatoriano\u201d, expres\u00f3. Tambi\u00e9n, inform\u00f3 que la Facultad de Ciencias ha firmado un convenio con HDCO Health para implementar un HIS en el Hospital del D\u00eda de la UCE como parte del proyecto del futuro Hospital Universitario de la UCE.<\/p>\n\n\n\n<p>El congreso incluye conferencias magistrales, talleres pr\u00e1cticos y espacios de networking que buscan fomentar la colaboraci\u00f3n acad\u00e9mica y profesional en \u00e1reas como inteligencia artificial aplicada a la salud, an\u00e1lisis de datos biom\u00e9dicos, telemedicina, instrumentaci\u00f3n y nuevas tecnolog\u00edas m\u00e9dicas.<\/p>\n\n\n\n<p>Con esta iniciativa, la <strong>Universidad Central del Ecuador <\/strong>reafirma su compromiso con la excelencia acad\u00e9mica y con la construcci\u00f3n de soluciones interdisciplinarias que respondan a los desaf\u00edos de salud del pa\u00eds.<\/p>\n\n\n\n<figure class=\"wp-block-gallery has-nested-images columns-default is-cropped wp-block-gallery-1 is-layout-flex wp-block-gallery-is-layout-flex\">\n<figure class=\"wp-block-image size-large\"><img loading=\"lazy\" decoding=\"async\" width=\"879\" height=\"661\" data-id=\"2286\" src=\"https:\/\/ucentral.org\/informativo\/wp-content\/uploads\/2025\/08\/cibm2-11.jpg\" alt=\"\" class=\"wp-image-2286\" srcset=\"https:\/\/ucentral.org\/informativo\/wp-content\/uploads\/2025\/08\/cibm2-11.jpg 879w, https:\/\/ucentral.org\/informativo\/wp-content\/uploads\/2025\/08\/cibm2-11-300x226.jpg 300w, https:\/\/ucentral.org\/informativo\/wp-content\/uploads\/2025\/08\/cibm2-11-768x578.jpg 768w, https:\/\/ucentral.org\/informativo\/wp-content\/uploads\/2025\/08\/cibm2-11-136x102.jpg 136w\" sizes=\"auto, (max-width: 879px) 100vw, 879px\" \/><\/figure>\n\n\n\n<figure class=\"wp-block-image size-large\"><img loading=\"lazy\" decoding=\"async\" width=\"1024\" height=\"768\" data-id=\"2289\" src=\"https:\/\/ucentral.org\/informativo\/wp-content\/uploads\/2025\/08\/cibm2-14-1024x768.jpg\" alt=\"\" class=\"wp-image-2289\" srcset=\"https:\/\/ucentral.org\/informativo\/wp-content\/uploads\/2025\/08\/cibm2-14-1024x768.jpg 1024w, https:\/\/ucentral.org\/informativo\/wp-content\/uploads\/2025\/08\/cibm2-14-300x225.jpg 300w, https:\/\/ucentral.org\/informativo\/wp-content\/uploads\/2025\/08\/cibm2-14-768x576.jpg 768w, https:\/\/ucentral.org\/informativo\/wp-content\/uploads\/2025\/08\/cibm2-14-136x102.jpg 136w, https:\/\/ucentral.org\/informativo\/wp-content\/uploads\/2025\/08\/cibm2-14.jpg 1440w\" sizes=\"auto, (max-width: 1024px) 100vw, 1024px\" \/><\/figure>\n\n\n\n<figure class=\"wp-block-image size-large\"><img loading=\"lazy\" decoding=\"async\" width=\"1024\" height=\"768\" data-id=\"2288\" src=\"https:\/\/ucentral.org\/informativo\/wp-content\/uploads\/2025\/08\/cibm2-13-1024x768.jpg\" alt=\"\" class=\"wp-image-2288\" srcset=\"https:\/\/ucentral.org\/informativo\/wp-content\/uploads\/2025\/08\/cibm2-13-1024x768.jpg 1024w, https:\/\/ucentral.org\/informativo\/wp-content\/uploads\/2025\/08\/cibm2-13-300x225.jpg 300w, https:\/\/ucentral.org\/informativo\/wp-content\/uploads\/2025\/08\/cibm2-13-768x576.jpg 768w, https:\/\/ucentral.org\/informativo\/wp-content\/uploads\/2025\/08\/cibm2-13-136x102.jpg 136w, https:\/\/ucentral.org\/informativo\/wp-content\/uploads\/2025\/08\/cibm2-13.jpg 1440w\" sizes=\"auto, (max-width: 1024px) 100vw, 1024px\" \/><\/figure>\n\n\n\n<figure class=\"wp-block-image size-large\"><img loading=\"lazy\" decoding=\"async\" width=\"1024\" height=\"768\" data-id=\"2287\" src=\"https:\/\/ucentral.org\/informativo\/wp-content\/uploads\/2025\/08\/cibm2-12-1024x768.jpg\" alt=\"\" class=\"wp-image-2287\" srcset=\"https:\/\/ucentral.org\/informativo\/wp-content\/uploads\/2025\/08\/cibm2-12-1024x768.jpg 1024w, https:\/\/ucentral.org\/informativo\/wp-content\/uploads\/2025\/08\/cibm2-12-300x225.jpg 300w, https:\/\/ucentral.org\/informativo\/wp-content\/uploads\/2025\/08\/cibm2-12-768x576.jpg 768w, https:\/\/ucentral.org\/informativo\/wp-content\/uploads\/2025\/08\/cibm2-12-136x102.jpg 136w, https:\/\/ucentral.org\/informativo\/wp-content\/uploads\/2025\/08\/cibm2-12.jpg 1440w\" sizes=\"auto, (max-width: 1024px) 100vw, 1024px\" \/><\/figure>\n\n\n\n<figure class=\"wp-block-image size-large\"><img loading=\"lazy\" decoding=\"async\" width=\"1024\" height=\"768\" data-id=\"2290\" src=\"https:\/\/ucentral.org\/informativo\/wp-content\/uploads\/2025\/08\/cibm2-24-1024x768.jpg\" alt=\"\" class=\"wp-image-2290\" srcset=\"https:\/\/ucentral.org\/informativo\/wp-content\/uploads\/2025\/08\/cibm2-24-1024x768.jpg 1024w, https:\/\/ucentral.org\/informativo\/wp-content\/uploads\/2025\/08\/cibm2-24-300x225.jpg 300w, https:\/\/ucentral.org\/informativo\/wp-content\/uploads\/2025\/08\/cibm2-24-768x576.jpg 768w, https:\/\/ucentral.org\/informativo\/wp-content\/uploads\/2025\/08\/cibm2-24-1536x1152.jpg 1536w, https:\/\/ucentral.org\/informativo\/wp-content\/uploads\/2025\/08\/cibm2-24-136x102.jpg 136w, https:\/\/ucentral.org\/informativo\/wp-content\/uploads\/2025\/08\/cibm2-24.jpg 2048w\" sizes=\"auto, (max-width: 1024px) 100vw, 1024px\" \/><\/figure>\n\n\n\n<figure class=\"wp-block-image size-large\"><img loading=\"lazy\" decoding=\"async\" width=\"1024\" height=\"768\" data-id=\"2285\" src=\"https:\/\/ucentral.org\/informativo\/wp-content\/uploads\/2025\/08\/cibm2-01-1024x768.jpg\" alt=\"\" class=\"wp-image-2285\" srcset=\"https:\/\/ucentral.org\/informativo\/wp-content\/uploads\/2025\/08\/cibm2-01-1024x768.jpg 1024w, https:\/\/ucentral.org\/informativo\/wp-content\/uploads\/2025\/08\/cibm2-01-300x225.jpg 300w, https:\/\/ucentral.org\/informativo\/wp-content\/uploads\/2025\/08\/cibm2-01-768x576.jpg 768w, https:\/\/ucentral.org\/informativo\/wp-content\/uploads\/2025\/08\/cibm2-01-136x102.jpg 136w, https:\/\/ucentral.org\/informativo\/wp-content\/uploads\/2025\/08\/cibm2-01.jpg 1440w\" sizes=\"auto, (max-width: 1024px) 100vw, 1024px\" \/><\/figure>\n<\/figure>\n\n\n\n<p><\/p>\n","protected":false},"excerpt":{"rendered":"<p>Este 22 de agosto se inaugur\u00f3 el Segundo Congreso de Actualizaci\u00f3n de Ingenier\u00eda Biom\u00e9dica en Ecuador, un espacio acad\u00e9mico que convoca a la comunidad cient\u00edfica, al sector p\u00fablico y a la empresa privada para reflexionar, dialogar y compartir conocimientos sobre el futuro de la ciencia y la salud en el pa\u00eds. El evento es coorganizado [&hellip;]<\/p>\n","protected":false},"author":2,"featured_media":2285,"comment_status":"closed","ping_status":"closed","sticky":false,"template":"","format":"standard","meta":{"footnotes":""},"categories":[112,13,164,404,6,73],"tags":[149,388,387],"class_list":["post-2283","post","type-post","status-publish","format-standard","has-post-thumbnail","hentry","category-ciencia-central","category-cursos-seminarios","category-eventos","category-galileo","category-noticias","category-webinar","tag-facultad-de-ciencias","tag-facultad-de-ciencias-medicas","tag-ingenieria-biomedica"],"_links":{"self":[{"href":"https:\/\/ucentral.org\/informativo\/index.php\/wp-json\/wp\/v2\/posts\/2283","targetHints":{"allow":["GET"]}}],"collection":[{"href":"https:\/\/ucentral.org\/informativo\/index.php\/wp-json\/wp\/v2\/posts"}],"about":[{"href":"https:\/\/ucentral.org\/informativo\/index.php\/wp-json\/wp\/v2\/types\/post"}],"author":[{"embeddable":true,"href":"https:\/\/ucentral.org\/informativo\/index.php\/wp-json\/wp\/v2\/users\/2"}],"replies":[{"embeddable":true,"href":"https:\/\/ucentral.org\/informativo\/index.php\/wp-json\/wp\/v2\/comments?post=2283"}],"version-history":[{"count":3,"href":"https:\/\/ucentral.org\/informativo\/index.php\/wp-json\/wp\/v2\/posts\/2283\/revisions"}],"predecessor-version":[{"id":2293,"href":"https:\/\/ucentral.org\/informativo\/index.php\/wp-json\/wp\/v2\/posts\/2283\/revisions\/2293"}],"wp:featuredmedia":[{"embeddable":true,"href":"https:\/\/ucentral.org\/informativo\/index.php\/wp-json\/wp\/v2\/media\/2285"}],"wp:attachment":[{"href":"https:\/\/ucentral.org\/informativo\/index.php\/wp-json\/wp\/v2\/media?parent=2283"}],"wp:term":[{"taxonomy":"category","embeddable":true,"href":"https:\/\/ucentral.org\/informativo\/index.php\/wp-json\/wp\/v2\/categories?post=2283"},{"taxonomy":"post_tag","embeddable":true,"href":"https:\/\/ucentral.org\/informativo\/index.php\/wp-json\/wp\/v2\/tags?post=2283"}],"curies":[{"name":"wp","href":"https:\/\/api.w.org\/{rel}","templated":true}]}}