{"id":2294,"date":"2025-08-24T11:25:17","date_gmt":"2025-08-24T16:25:17","guid":{"rendered":"https:\/\/ucentral.org\/informativo\/?p=2294"},"modified":"2025-08-24T11:25:18","modified_gmt":"2025-08-24T16:25:18","slug":"rodrigocargua","status":"publish","type":"post","link":"https:\/\/ucentral.org\/informativo\/index.php\/2025\/08\/24\/rodrigocargua\/","title":{"rendered":"Introducci\u00f3n a la Salud Digital mediante IA en el Ecuador. La Facultad de Ciencias felicita a nuestro colaborador Rodrigo Cargua"},"content":{"rendered":"\n<p>La <strong>Facultad de Ciencias de la UCE<\/strong> felicita a nuestro colaborador <strong>Rodrigo Cargua<\/strong>, quien brind\u00f3 una interesante conferencia <strong>&#8220;Introducci\u00f3n a la Salud Digital mediante IA en el Ecuador&#8221;<\/strong> en el marco del <strong>II Congreso de Actualizaci\u00f3n de Ingenier\u00eda Biom\u00e9dica en Ecuador<\/strong>.<\/p>\n\n\n\n<p>Su aporte acad\u00e9mico y profesional en el \u00e1rea de <strong>inteligencia artificial aplicada a la salud<\/strong> contribuye al fortalecimiento de la investigaci\u00f3n y la innovaci\u00f3n en beneficio del pa\u00eds.<\/p>\n\n\n\n<p><\/p>\n","protected":false},"excerpt":{"rendered":"<p>La Facultad de Ciencias de la UCE felicita a nuestro colaborador Rodrigo Cargua, quien brind\u00f3 una interesante conferencia &#8220;Introducci\u00f3n a la Salud Digital mediante IA en el Ecuador&#8221; en el marco del II Congreso de Actualizaci\u00f3n de Ingenier\u00eda Biom\u00e9dica en Ecuador. Su aporte acad\u00e9mico y profesional en el \u00e1rea de inteligencia artificial aplicada a la [&hellip;]<\/p>\n","protected":false},"author":2,"featured_media":2298,"comment_status":"closed","ping_status":"closed","sticky":false,"template":"","format":"standard","meta":{"footnotes":""},"categories":[112,13,164,6,384,73],"tags":[89,387],"class_list":["post-2294","post","type-post","status-publish","format-standard","has-post-thumbnail","hentry","category-ciencia-central","category-cursos-seminarios","category-eventos","category-noticias","category-ucetech","category-webinar","tag-congreso","tag-ingenieria-biomedica"],"_links":{"self":[{"href":"https:\/\/ucentral.org\/informativo\/index.php\/wp-json\/wp\/v2\/posts\/2294","targetHints":{"allow":["GET"]}}],"collection":[{"href":"https:\/\/ucentral.org\/informativo\/index.php\/wp-json\/wp\/v2\/posts"}],"about":[{"href":"https:\/\/ucentral.org\/informativo\/index.php\/wp-json\/wp\/v2\/types\/post"}],"author":[{"embeddable":true,"href":"https:\/\/ucentral.org\/informativo\/index.php\/wp-json\/wp\/v2\/users\/2"}],"replies":[{"embeddable":true,"href":"https:\/\/ucentral.org\/informativo\/index.php\/wp-json\/wp\/v2\/comments?post=2294"}],"version-history":[{"count":1,"href":"https:\/\/ucentral.org\/informativo\/index.php\/wp-json\/wp\/v2\/posts\/2294\/revisions"}],"predecessor-version":[{"id":2299,"href":"https:\/\/ucentral.org\/informativo\/index.php\/wp-json\/wp\/v2\/posts\/2294\/revisions\/2299"}],"wp:featuredmedia":[{"embeddable":true,"href":"https:\/\/ucentral.org\/informativo\/index.php\/wp-json\/wp\/v2\/media\/2298"}],"wp:attachment":[{"href":"https:\/\/ucentral.org\/informativo\/index.php\/wp-json\/wp\/v2\/media?parent=2294"}],"wp:term":[{"taxonomy":"category","embeddable":true,"href":"https:\/\/ucentral.org\/informativo\/index.php\/wp-json\/wp\/v2\/categories?post=2294"},{"taxonomy":"post_tag","embeddable":true,"href":"https:\/\/ucentral.org\/informativo\/index.php\/wp-json\/wp\/v2\/tags?post=2294"}],"curies":[{"name":"wp","href":"https:\/\/api.w.org\/{rel}","templated":true}]}}