{"id":2304,"date":"2025-08-24T15:35:41","date_gmt":"2025-08-24T20:35:41","guid":{"rendered":"https:\/\/ucentral.org\/informativo\/?p=2304"},"modified":"2025-08-24T15:51:17","modified_gmt":"2025-08-24T20:51:17","slug":"bt-analistadedatos","status":"publish","type":"post","link":"https:\/\/ucentral.org\/informativo\/index.php\/2025\/08\/24\/bt-analistadedatos\/","title":{"rendered":"Se busca: Analista de Datos"},"content":{"rendered":"\n<p>Una importante empresa del sector flor\u00edcola busca Analista de Datos.<\/p>\n\n\n\n<p><strong>Formaci\u00f3n:<\/strong> t\u00e9cnica, tecnol\u00f3gica o universitaria en \u00e1reas como estad\u00edstica, inform\u00e1tica o negocios.<br><strong>Habilidades t\u00e9cnicas: <\/strong>Dominan herramientas de an\u00e1lisis de datos, programaci\u00f3n y visualizaci\u00f3n, as\u00ed como el manejo de grandes vol\u00famenes de informaci\u00f3n.<br><strong>Capacidad anal\u00edtica:<\/strong> Experto en interpretar datos, descubrir tendencias y patrones, y transformar datos en informaci\u00f3n \u00fatil para la toma de decisiones, conocimiento en finanzas y contabilidad (de preferencia).<br><strong>Comunicaci\u00f3n: <\/strong>Ser capaz de comunicar sus hallazgos de manera efectiva a diferentes audiencias, facilitando la comprensi\u00f3n de los datos.<br><strong>Adaptabilidad:<\/strong> Dado que el an\u00e1lisis de datos es un campo en constante evoluci\u00f3n, deben estar dispuestos a aprender nuevas herramientas y t\u00e9cnicas.<\/p>\n\n\n\n<p>Una gran atenci\u00f3n al detalle, habilidades de comunicaci\u00f3n, y la capacidad para colaborar con otros departamentos y presentar hallazgos de&nbsp;manera&nbsp;clara.<\/p>\n\n\n\n<p>Si tienes pasi\u00f3n por los datos y deseas aportar a la toma de decisiones estrat\u00e9gicas, \u00a1esta oportunidad es para ti!<\/p>\n\n\n\n<p>Post\u00falate enviando tu hoja de vida al <strong>WhatsApp:<\/strong> <strong>+593 99 873 7468<\/strong><\/p>\n\n\n\n<p>#Empleo #AnalistaDeDatos #OportunidadLaboral #Finanzas #Tecnolog\u00eda #Datos<\/p>\n\n\n\n<p><\/p>\n","protected":false},"excerpt":{"rendered":"<p>Una importante empresa del sector flor\u00edcola busca Analista de Datos. Formaci\u00f3n: t\u00e9cnica, tecnol\u00f3gica o universitaria en \u00e1reas como estad\u00edstica, inform\u00e1tica o negocios.Habilidades t\u00e9cnicas: Dominan herramientas de an\u00e1lisis de datos, programaci\u00f3n y visualizaci\u00f3n, as\u00ed como el manejo de grandes vol\u00famenes de informaci\u00f3n.Capacidad anal\u00edtica: Experto en interpretar datos, descubrir tendencias y patrones, y transformar datos en informaci\u00f3n [&hellip;]<\/p>\n","protected":false},"author":2,"featured_media":2305,"comment_status":"closed","ping_status":"closed","sticky":false,"template":"","format":"standard","meta":{"footnotes":""},"categories":[57,6],"tags":[153,409],"class_list":["post-2304","post","type-post","status-publish","format-standard","has-post-thumbnail","hentry","category-bolsaempleo","category-noticias","tag-analista-de-datos","tag-bolsa-de-empleo"],"_links":{"self":[{"href":"https:\/\/ucentral.org\/informativo\/index.php\/wp-json\/wp\/v2\/posts\/2304","targetHints":{"allow":["GET"]}}],"collection":[{"href":"https:\/\/ucentral.org\/informativo\/index.php\/wp-json\/wp\/v2\/posts"}],"about":[{"href":"https:\/\/ucentral.org\/informativo\/index.php\/wp-json\/wp\/v2\/types\/post"}],"author":[{"embeddable":true,"href":"https:\/\/ucentral.org\/informativo\/index.php\/wp-json\/wp\/v2\/users\/2"}],"replies":[{"embeddable":true,"href":"https:\/\/ucentral.org\/informativo\/index.php\/wp-json\/wp\/v2\/comments?post=2304"}],"version-history":[{"count":2,"href":"https:\/\/ucentral.org\/informativo\/index.php\/wp-json\/wp\/v2\/posts\/2304\/revisions"}],"predecessor-version":[{"id":2308,"href":"https:\/\/ucentral.org\/informativo\/index.php\/wp-json\/wp\/v2\/posts\/2304\/revisions\/2308"}],"wp:featuredmedia":[{"embeddable":true,"href":"https:\/\/ucentral.org\/informativo\/index.php\/wp-json\/wp\/v2\/media\/2305"}],"wp:attachment":[{"href":"https:\/\/ucentral.org\/informativo\/index.php\/wp-json\/wp\/v2\/media?parent=2304"}],"wp:term":[{"taxonomy":"category","embeddable":true,"href":"https:\/\/ucentral.org\/informativo\/index.php\/wp-json\/wp\/v2\/categories?post=2304"},{"taxonomy":"post_tag","embeddable":true,"href":"https:\/\/ucentral.org\/informativo\/index.php\/wp-json\/wp\/v2\/tags?post=2304"}],"curies":[{"name":"wp","href":"https:\/\/api.w.org\/{rel}","templated":true}]}}