{"id":2309,"date":"2025-08-27T23:49:36","date_gmt":"2025-08-28T04:49:36","guid":{"rendered":"https:\/\/ucentral.org\/informativo\/?p=2309"},"modified":"2025-08-27T23:49:37","modified_gmt":"2025-08-28T04:49:37","slug":"cibme2","status":"publish","type":"post","link":"https:\/\/ucentral.org\/informativo\/index.php\/2025\/08\/27\/cibme2\/","title":{"rendered":"\u00a1\u00c9xito total en el 2do Congreso de Actualizaci\u00f3n de Ingenier\u00eda Biom\u00e9dica en Ecuador!"},"content":{"rendered":"\n<p>La <strong>Facultad de Ciencias<\/strong> y la <strong>Facultad de Ciencias M\u00e9dicas<\/strong> de la <strong>Universidad Central del Ecuador<\/strong>, la <strong>Cl\u00ednica de Simulaci\u00f3n M\u00e9dica y Rob\u00f3tica<\/strong> y la <strong>IEEE EMBS<\/strong>, celebraron el <strong>2do Congreso de Actualizaci\u00f3n de Ingenier\u00eda Biom\u00e9dica<\/strong>, un espacio que reuni\u00f3 a empresas, expertos, docentes, investigadores y estudiantes para compartir experiencias, avances y desaf\u00edos de la ingenier\u00eda biom\u00e9dica en el pa\u00eds.<\/p>\n\n\n\n<p>Extendemos una especial felicitaci\u00f3n a <strong>Carlos Duque<\/strong> y <strong>Josu\u00e9 Quiroga<\/strong>, quienes lideraron la coordinaci\u00f3n de este importante encuentro, demostrando compromiso y excelencia en la organizaci\u00f3n.<\/p>\n\n\n\n<p>Este evento reafirma nuestro compromiso con la <strong>innovaci\u00f3n, la ciencia y la formaci\u00f3n de profesionales de alto nivel<\/strong> que contribuyan al desarrollo tecnol\u00f3gico y a la salud del Ecuador.<\/p>\n\n\n\n<p>#UCE #FacultaddeCiencias #Ingenier\u00edaBiom\u00e9dica #CongresoBiom\u00e9dico #Innovaci\u00f3n #SaludDigital #CienciaYTecnolog\u00eda<\/p>\n","protected":false},"excerpt":{"rendered":"<p>La Facultad de Ciencias y la Facultad de Ciencias M\u00e9dicas de la Universidad Central del Ecuador, la Cl\u00ednica de Simulaci\u00f3n M\u00e9dica y Rob\u00f3tica y la IEEE EMBS, celebraron el 2do Congreso de Actualizaci\u00f3n de Ingenier\u00eda Biom\u00e9dica, un espacio que reuni\u00f3 a empresas, expertos, docentes, investigadores y estudiantes para compartir experiencias, avances y desaf\u00edos de la [&hellip;]<\/p>\n","protected":false},"author":2,"featured_media":2310,"comment_status":"closed","ping_status":"closed","sticky":false,"template":"","format":"standard","meta":{"footnotes":""},"categories":[112,13,41,6,384],"tags":[89,387],"class_list":["post-2309","post","type-post","status-publish","format-standard","has-post-thumbnail","hentry","category-ciencia-central","category-cursos-seminarios","category-investigacion","category-noticias","category-ucetech","tag-congreso","tag-ingenieria-biomedica"],"_links":{"self":[{"href":"https:\/\/ucentral.org\/informativo\/index.php\/wp-json\/wp\/v2\/posts\/2309","targetHints":{"allow":["GET"]}}],"collection":[{"href":"https:\/\/ucentral.org\/informativo\/index.php\/wp-json\/wp\/v2\/posts"}],"about":[{"href":"https:\/\/ucentral.org\/informativo\/index.php\/wp-json\/wp\/v2\/types\/post"}],"author":[{"embeddable":true,"href":"https:\/\/ucentral.org\/informativo\/index.php\/wp-json\/wp\/v2\/users\/2"}],"replies":[{"embeddable":true,"href":"https:\/\/ucentral.org\/informativo\/index.php\/wp-json\/wp\/v2\/comments?post=2309"}],"version-history":[{"count":1,"href":"https:\/\/ucentral.org\/informativo\/index.php\/wp-json\/wp\/v2\/posts\/2309\/revisions"}],"predecessor-version":[{"id":2311,"href":"https:\/\/ucentral.org\/informativo\/index.php\/wp-json\/wp\/v2\/posts\/2309\/revisions\/2311"}],"wp:featuredmedia":[{"embeddable":true,"href":"https:\/\/ucentral.org\/informativo\/index.php\/wp-json\/wp\/v2\/media\/2310"}],"wp:attachment":[{"href":"https:\/\/ucentral.org\/informativo\/index.php\/wp-json\/wp\/v2\/media?parent=2309"}],"wp:term":[{"taxonomy":"category","embeddable":true,"href":"https:\/\/ucentral.org\/informativo\/index.php\/wp-json\/wp\/v2\/categories?post=2309"},{"taxonomy":"post_tag","embeddable":true,"href":"https:\/\/ucentral.org\/informativo\/index.php\/wp-json\/wp\/v2\/tags?post=2309"}],"curies":[{"name":"wp","href":"https:\/\/api.w.org\/{rel}","templated":true}]}}