{"id":2398,"date":"2025-09-28T23:16:24","date_gmt":"2025-09-29T04:16:24","guid":{"rendered":"https:\/\/ucentral.org\/informativo\/?p=2398"},"modified":"2025-09-28T23:16:25","modified_gmt":"2025-09-29T04:16:25","slug":"certificacion-en-fundamentos-de-ia-aplicada","status":"publish","type":"post","link":"https:\/\/ucentral.org\/informativo\/index.php\/2025\/09\/28\/certificacion-en-fundamentos-de-ia-aplicada\/","title":{"rendered":"Certificaci\u00f3n en Fundamentos de IA Aplicada"},"content":{"rendered":"\n<p><img loading=\"lazy\" decoding=\"async\" height=\"16\" width=\"16\" src=\"https:\/\/static.xx.fbcdn.net\/images\/emoji.php\/v9\/t45\/1\/16\/1f6a8.png\" alt=\"\ud83d\udea8\"> Algo grande se est\u00e1 gestando en la Universidad Central del Ecuador\u2026<\/p>\n\n\n\n<p><img loading=\"lazy\" decoding=\"async\" height=\"16\" width=\"16\" src=\"https:\/\/static.xx.fbcdn.net\/images\/emoji.php\/v9\/t39\/1\/16\/1f4e2.png\" alt=\"\ud83d\udce2\"> Un curso que no es solo un curso.<br><img loading=\"lazy\" decoding=\"async\" height=\"16\" width=\"16\" src=\"https:\/\/static.xx.fbcdn.net\/images\/emoji.php\/v9\/t39\/1\/16\/1f4e2.png\" alt=\"\ud83d\udce2\"> Una certificaci\u00f3n que no es solo un diploma.<br><img loading=\"lazy\" decoding=\"async\" height=\"16\" width=\"16\" src=\"https:\/\/static.xx.fbcdn.net\/images\/emoji.php\/v9\/t39\/1\/16\/1f4e2.png\" alt=\"\ud83d\udce2\"> Una oportunidad que debes aprovechar.<\/p>\n\n\n\n<p><img loading=\"lazy\" decoding=\"async\" height=\"16\" width=\"16\" src=\"https:\/\/static.xx.fbcdn.net\/images\/emoji.php\/v9\/t51\/1\/16\/1f449.png\" alt=\"\ud83d\udc49\"> 40 horas de Fundamentos en Inteligencia Artificial Aplicada<br><img loading=\"lazy\" decoding=\"async\" height=\"16\" width=\"16\" src=\"https:\/\/static.xx.fbcdn.net\/images\/emoji.php\/v9\/t51\/1\/16\/1f449.png\" alt=\"\ud83d\udc49\"> 100% virtual<br><img loading=\"lazy\" decoding=\"async\" height=\"16\" width=\"16\" src=\"https:\/\/static.xx.fbcdn.net\/images\/emoji.php\/v9\/t51\/1\/16\/1f449.png\" alt=\"\ud83d\udc49\"> Gratuito<br><img loading=\"lazy\" decoding=\"async\" height=\"16\" width=\"16\" src=\"https:\/\/static.xx.fbcdn.net\/images\/emoji.php\/v9\/t51\/1\/16\/1f449.png\" alt=\"\ud83d\udc49\"> Abierto a docentes y administrativos de la Facultad de Ciencias \u2013 UCE<\/p>\n\n\n\n<p><img loading=\"lazy\" decoding=\"async\" height=\"16\" width=\"16\" src=\"https:\/\/static.xx.fbcdn.net\/images\/emoji.php\/v9\/t5\/1\/16\/1f92f.png\" alt=\"\ud83e\udd2f\"> \u00bfQu\u00e9 significa esto?<br>Que podr\u00e1s aprovechar las bases de la tecnolog\u00eda que est\u00e1 transformando el mundo acad\u00e9mico, la investigaci\u00f3n y el trabajo profesional.<br>Que podr\u00e1s ser parte de la primera generaci\u00f3n certificada en IA generativa desde la UCE.<br>El cupo es limitado.<br>La inscripci\u00f3n est\u00e1 a punto de abrirse. <img loading=\"lazy\" decoding=\"async\" height=\"16\" width=\"16\" src=\"https:\/\/static.xx.fbcdn.net\/images\/emoji.php\/v9\/tb7\/1\/16\/23f3.png\" alt=\"\u23f3\"><\/p>\n\n\n\n<p><img loading=\"lazy\" decoding=\"async\" height=\"16\" width=\"16\" alt=\"\ud83d\udca1\" src=\"https:\/\/static.xx.fbcdn.net\/images\/emoji.php\/v9\/t3c\/1\/16\/1f4a1.png\"> Atento a los pr\u00f3ximos d\u00edas\u2026 porque este no es solo un curso. Es tu oportunidad de ponerte a la vanguardia.<\/p>\n","protected":false},"excerpt":{"rendered":"<p>Algo grande se est\u00e1 gestando en la Universidad Central del Ecuador\u2026 Un curso que no es solo un curso. Una certificaci\u00f3n que no es solo un diploma. Una oportunidad que debes aprovechar. 40 horas de Fundamentos en Inteligencia Artificial Aplicada 100% virtual Gratuito Abierto a docentes y administrativos de la Facultad de Ciencias \u2013 UCE [&hellip;]<\/p>\n","protected":false},"author":2,"featured_media":2399,"comment_status":"open","ping_status":"open","sticky":false,"template":"","format":"standard","meta":{"footnotes":""},"categories":[112,13,34,164,6,384],"tags":[411,401],"class_list":["post-2398","post","type-post","status-publish","format-standard","has-post-thumbnail","hentry","category-ciencia-central","category-cursos-seminarios","category-docentes","category-eventos","category-noticias","category-ucetech","tag-certificacion","tag-ia"],"_links":{"self":[{"href":"https:\/\/ucentral.org\/informativo\/index.php\/wp-json\/wp\/v2\/posts\/2398","targetHints":{"allow":["GET"]}}],"collection":[{"href":"https:\/\/ucentral.org\/informativo\/index.php\/wp-json\/wp\/v2\/posts"}],"about":[{"href":"https:\/\/ucentral.org\/informativo\/index.php\/wp-json\/wp\/v2\/types\/post"}],"author":[{"embeddable":true,"href":"https:\/\/ucentral.org\/informativo\/index.php\/wp-json\/wp\/v2\/users\/2"}],"replies":[{"embeddable":true,"href":"https:\/\/ucentral.org\/informativo\/index.php\/wp-json\/wp\/v2\/comments?post=2398"}],"version-history":[{"count":1,"href":"https:\/\/ucentral.org\/informativo\/index.php\/wp-json\/wp\/v2\/posts\/2398\/revisions"}],"predecessor-version":[{"id":2400,"href":"https:\/\/ucentral.org\/informativo\/index.php\/wp-json\/wp\/v2\/posts\/2398\/revisions\/2400"}],"wp:featuredmedia":[{"embeddable":true,"href":"https:\/\/ucentral.org\/informativo\/index.php\/wp-json\/wp\/v2\/media\/2399"}],"wp:attachment":[{"href":"https:\/\/ucentral.org\/informativo\/index.php\/wp-json\/wp\/v2\/media?parent=2398"}],"wp:term":[{"taxonomy":"category","embeddable":true,"href":"https:\/\/ucentral.org\/informativo\/index.php\/wp-json\/wp\/v2\/categories?post=2398"},{"taxonomy":"post_tag","embeddable":true,"href":"https:\/\/ucentral.org\/informativo\/index.php\/wp-json\/wp\/v2\/tags?post=2398"}],"curies":[{"name":"wp","href":"https:\/\/api.w.org\/{rel}","templated":true}]}}