{"id":2402,"date":"2025-09-30T09:23:16","date_gmt":"2025-09-30T14:23:16","guid":{"rendered":"https:\/\/ucentral.org\/informativo\/?p=2402"},"modified":"2025-09-30T10:41:29","modified_gmt":"2025-09-30T15:41:29","slug":"2llamadotrabajos","status":"publish","type":"post","link":"https:\/\/ucentral.org\/informativo\/index.php\/2025\/09\/30\/2llamadotrabajos\/","title":{"rendered":"Segundo llamado a presentaci\u00f3n de trabajos"},"content":{"rendered":"\n<p>Las Jornadas Ecuatorianas de Matem\u00e1tica (JEM) conforman un evento cient\u00edfico anual organizado de manera colaborativa por instituciones universitarias ecuatorianas, en asociaci\u00f3n con la Sociedad Ecuatoriana de Matem\u00e1tica (SEdeM), el Centro de Matem\u00e1tica (CEMA), el Centro de Modelizaci\u00f3n Matem\u00e1tica (ModeMat) y Amarun. Este a\u00f1o, las jornadas se llevar\u00e1n a cabo en la Universidad Central del Ecuador (UCE).<\/p>\n\n\n\n<p>Es relevante destacar que el formato de las jornadas ser\u00e1 h\u00edbrido, permitiendo a los participantes del exterior enviar y exponer sus trabajos utilizando sistemas telem\u00e1ticos, mientras que los participantes locales realizar\u00e1n sus contribuciones de forma presencial. Esta modalidad busca promover la participaci\u00f3n activa de la comunidad acad\u00e9mica tanto a nivel nacional como internacional, adapt\u00e1ndose a las  circunstancias actuales y fomentando la diversidad de perspectivas en el \u00e1mbito matem\u00e1tico.<\/p>\n\n\n\n<p>El prop\u00f3sito fundamental de las JEM es proporcionar entornos para la difusi\u00f3n, an\u00e1lisis, reflexi\u00f3n y debate, con el objetivo de estimular el avance tanto de la investigaci\u00f3n como del \u00e1mbito educativo en matem\u00e1tica a nivel superior en Ecuador. La esencia de las JEM radica en su contribuci\u00f3n a la consolidaci\u00f3n de alianzas estrat\u00e9gicas entre investigadores, a nivel nacional e internacional.<\/p>\n\n\n\n<p>A trav\u00e9s de este foro, se promueve un intercambio fruct\u00edfero de conocimientos y experiencias, incidiendo directamente en el progreso continuo de las ciencias matem\u00e1ticas en nuestro pa\u00eds. Este evento se erige como una plataforma acad\u00e9mica de relevancia, propiciando la colaboraci\u00f3n y el enriquecimiento mutuo entre destacados exponentes del campo. Las JEM no solo constituyen una manifestaci\u00f3n de excelencia cient\u00edfica, sino tambi\u00e9n un componente fundamental para fortalecer la comunidad acad\u00e9mica y cient\u00edfica en el \u00b4\u00e1mbito de la matem\u00e1tica, incentivando la investigaci\u00f3n y la ense\u00f1anza.<\/p>\n\n\n\n<p>Durante las VII JEM se realizar\u00e1n presentaciones de trabajos de investigaci\u00f3n en distintas \u00e1reas de la matem\u00e1tica. Las personas interesadas en participar como expositores en cualquiera de las sesiones tem\u00e1ticas deben cumplir los siguientes requerimientos:<\/p>\n\n\n\n<ul class=\"wp-block-list\">\n<li>La propuesta de cualquier comunicaci\u00f3n oral debe ser presentada ante la coordinaci\u00f3n correspondiente. El resumen de la misma, que no debe exceder una cuartilla (m\u00e1ximo 250 palabras),<br>deber\u00e1 ser enviado en archivos .tex y .pdf a las direcciones electr\u00f3nicas de los coordinadores<br>de la sesi\u00f3n<\/li>\n\n\n\n<li>La selecci\u00f3n de las comunicaciones orales de cada sesi\u00f3n es competencia exclusiva de la coordinaci\u00f3n correspondiente. Los proponentes recibir\u00e1n, antes del 25 de octubre de 2025, la notificaci\u00f3n sobre la aceptaci\u00f3n o no de su propuesta<\/li>\n\n\n\n<li>Toda comunicaci\u00f3n oral en las sesiones tendr\u00e1 una duraci\u00f3n de 20 minutos. Los horarios de presentaci\u00f3n ser\u00e1n establecidos por el Comit\u00e9 Organizador, mientras que el orden de presentaci\u00f3n ser\u00e1 competencia de la coordinaci\u00f3n de la sesi\u00f3n correspondiente<\/li>\n\n\n\n<li>En el certificado de presentaci\u00f3n del trabajo solo se emitir\u00e1 a nombre del expositor<\/li>\n\n\n\n<li>Los res\u00famenes y las charlas pueden ser presentados en espa\u00f1ol o ingl\u00e9s<\/li>\n\n\n\n<li>Los res\u00famenes deber\u00e1n ser sometidos siguiendo el formato LATEX<\/li>\n<\/ul>\n\n\n\n<p><strong>Fechas Clave:<\/strong><br>Recepci\u00f3n de res\u00famenes de trabajos: hasta el 11 de octubre de 2025.<br>Notificaci\u00f3n de trabajos seleccionados por sesi\u00f3n: hasta el 25 de octubre de 2025.<br><strong>VII Jornadas Ecuatorianas de Matem\u00e1tica<\/strong> del 24 al 28 de noviembre de 2025.<\/p>\n\n\n\n<p><\/p>\n","protected":false},"excerpt":{"rendered":"<p>Las Jornadas Ecuatorianas de Matem\u00e1tica (JEM) conforman un evento cient\u00edfico anual organizado de manera colaborativa por instituciones universitarias ecuatorianas, en asociaci\u00f3n con la Sociedad Ecuatoriana de Matem\u00e1tica (SEdeM), el Centro de Matem\u00e1tica (CEMA), el Centro de Modelizaci\u00f3n Matem\u00e1tica (ModeMat) y Amarun. Este a\u00f1o, las jornadas se llevar\u00e1n a cabo en la Universidad Central del Ecuador [&hellip;]<\/p>\n","protected":false},"author":6,"featured_media":2410,"comment_status":"closed","ping_status":"closed","sticky":false,"template":"","format":"standard","meta":{"footnotes":""},"categories":[112,213,13,164,6],"tags":[413,142],"class_list":["post-2402","post","type-post","status-publish","format-standard","has-post-thumbnail","hentry","category-ciencia-central","category-convocatoria","category-cursos-seminarios","category-eventos","category-noticias","tag-presentacion","tag-trabajos"],"_links":{"self":[{"href":"https:\/\/ucentral.org\/informativo\/index.php\/wp-json\/wp\/v2\/posts\/2402","targetHints":{"allow":["GET"]}}],"collection":[{"href":"https:\/\/ucentral.org\/informativo\/index.php\/wp-json\/wp\/v2\/posts"}],"about":[{"href":"https:\/\/ucentral.org\/informativo\/index.php\/wp-json\/wp\/v2\/types\/post"}],"author":[{"embeddable":true,"href":"https:\/\/ucentral.org\/informativo\/index.php\/wp-json\/wp\/v2\/users\/6"}],"replies":[{"embeddable":true,"href":"https:\/\/ucentral.org\/informativo\/index.php\/wp-json\/wp\/v2\/comments?post=2402"}],"version-history":[{"count":5,"href":"https:\/\/ucentral.org\/informativo\/index.php\/wp-json\/wp\/v2\/posts\/2402\/revisions"}],"predecessor-version":[{"id":2411,"href":"https:\/\/ucentral.org\/informativo\/index.php\/wp-json\/wp\/v2\/posts\/2402\/revisions\/2411"}],"wp:featuredmedia":[{"embeddable":true,"href":"https:\/\/ucentral.org\/informativo\/index.php\/wp-json\/wp\/v2\/media\/2410"}],"wp:attachment":[{"href":"https:\/\/ucentral.org\/informativo\/index.php\/wp-json\/wp\/v2\/media?parent=2402"}],"wp:term":[{"taxonomy":"category","embeddable":true,"href":"https:\/\/ucentral.org\/informativo\/index.php\/wp-json\/wp\/v2\/categories?post=2402"},{"taxonomy":"post_tag","embeddable":true,"href":"https:\/\/ucentral.org\/informativo\/index.php\/wp-json\/wp\/v2\/tags?post=2402"}],"curies":[{"name":"wp","href":"https:\/\/api.w.org\/{rel}","templated":true}]}}