{"id":2420,"date":"2025-10-01T23:26:59","date_gmt":"2025-10-02T04:26:59","guid":{"rendered":"https:\/\/ucentral.org\/informativo\/?p=2420"},"modified":"2025-10-01T23:26:59","modified_gmt":"2025-10-02T04:26:59","slug":"iaen","status":"publish","type":"post","link":"https:\/\/ucentral.org\/informativo\/index.php\/2025\/10\/01\/iaen\/","title":{"rendered":"Facultad de Ciencias de la UCE firma convenio de cooperaci\u00f3n con el IAEN"},"content":{"rendered":"\n<p>La Facultad de Ciencias de la Universidad Central del Ecuador y la Universidad de Posgrado del Estado IAEN han suscrito un Convenio Marco de Cooperaci\u00f3n Interinstitucional que marca un hito en el fortalecimiento acad\u00e9mico del pa\u00eds.<\/p>\n\n\n\n<p>Este acuerdo permitir\u00e1 desarrollar programas y proyectos conjuntos en docencia, investigaci\u00f3n, innovaci\u00f3n y vinculaci\u00f3n con la sociedad, generando nuevas oportunidades para estudiantes, docentes y la comunidad.<\/p>\n\n\n\n<p class=\"has-text-align-center has-vivid-cyan-blue-color has-text-color has-link-color has-medium-font-size wp-elements-7310f02e4f6e2ad313031997433f304a\">\u00a1Hacia una educaci\u00f3n colaborativa y transformadora!<\/p>\n\n\n\n<figure class=\"wp-block-image size-large\"><img loading=\"lazy\" decoding=\"async\" width=\"1024\" height=\"677\" src=\"https:\/\/ucentral.org\/informativo\/wp-content\/uploads\/2025\/10\/IAEN04-1024x677.jpg\" alt=\"\" class=\"wp-image-2424\" srcset=\"https:\/\/ucentral.org\/informativo\/wp-content\/uploads\/2025\/10\/IAEN04-1024x677.jpg 1024w, https:\/\/ucentral.org\/informativo\/wp-content\/uploads\/2025\/10\/IAEN04-300x198.jpg 300w, https:\/\/ucentral.org\/informativo\/wp-content\/uploads\/2025\/10\/IAEN04-768x508.jpg 768w, https:\/\/ucentral.org\/informativo\/wp-content\/uploads\/2025\/10\/IAEN04.jpg 1280w\" sizes=\"auto, (max-width: 1024px) 100vw, 1024px\" \/><\/figure>\n\n\n\n<figure class=\"wp-block-gallery has-nested-images columns-default is-cropped wp-block-gallery-1 is-layout-flex wp-block-gallery-is-layout-flex\">\n<figure class=\"wp-block-image size-large\"><img loading=\"lazy\" decoding=\"async\" width=\"1024\" height=\"586\" data-id=\"2423\" src=\"https:\/\/ucentral.org\/informativo\/wp-content\/uploads\/2025\/10\/IAEN03-1024x586.jpg\" alt=\"\" class=\"wp-image-2423\" srcset=\"https:\/\/ucentral.org\/informativo\/wp-content\/uploads\/2025\/10\/IAEN03-1024x586.jpg 1024w, https:\/\/ucentral.org\/informativo\/wp-content\/uploads\/2025\/10\/IAEN03-300x172.jpg 300w, https:\/\/ucentral.org\/informativo\/wp-content\/uploads\/2025\/10\/IAEN03-768x439.jpg 768w, https:\/\/ucentral.org\/informativo\/wp-content\/uploads\/2025\/10\/IAEN03.jpg 1280w\" sizes=\"auto, (max-width: 1024px) 100vw, 1024px\" \/><\/figure>\n\n\n\n<figure class=\"wp-block-image size-large\"><img loading=\"lazy\" decoding=\"async\" width=\"1024\" height=\"683\" data-id=\"2422\" src=\"https:\/\/ucentral.org\/informativo\/wp-content\/uploads\/2025\/10\/IAEN02-1024x683.jpg\" alt=\"\" class=\"wp-image-2422\" srcset=\"https:\/\/ucentral.org\/informativo\/wp-content\/uploads\/2025\/10\/IAEN02-1024x683.jpg 1024w, https:\/\/ucentral.org\/informativo\/wp-content\/uploads\/2025\/10\/IAEN02-300x200.jpg 300w, https:\/\/ucentral.org\/informativo\/wp-content\/uploads\/2025\/10\/IAEN02-768x512.jpg 768w, https:\/\/ucentral.org\/informativo\/wp-content\/uploads\/2025\/10\/IAEN02.jpg 1280w\" sizes=\"auto, (max-width: 1024px) 100vw, 1024px\" \/><\/figure>\n<\/figure>\n","protected":false},"excerpt":{"rendered":"<p>La Facultad de Ciencias de la Universidad Central del Ecuador y la Universidad de Posgrado del Estado IAEN han suscrito un Convenio Marco de Cooperaci\u00f3n Interinstitucional que marca un hito en el fortalecimiento acad\u00e9mico del pa\u00eds. Este acuerdo permitir\u00e1 desarrollar programas y proyectos conjuntos en docencia, investigaci\u00f3n, innovaci\u00f3n y vinculaci\u00f3n con la sociedad, generando nuevas [&hellip;]<\/p>\n","protected":false},"author":2,"featured_media":2421,"comment_status":"closed","ping_status":"closed","sticky":false,"template":"","format":"standard","meta":{"footnotes":""},"categories":[181,6],"tags":[149,395],"class_list":["post-2420","post","type-post","status-publish","format-standard","has-post-thumbnail","hentry","category-convenios","category-noticias","tag-facultad-de-ciencias","tag-iaen"],"_links":{"self":[{"href":"https:\/\/ucentral.org\/informativo\/index.php\/wp-json\/wp\/v2\/posts\/2420","targetHints":{"allow":["GET"]}}],"collection":[{"href":"https:\/\/ucentral.org\/informativo\/index.php\/wp-json\/wp\/v2\/posts"}],"about":[{"href":"https:\/\/ucentral.org\/informativo\/index.php\/wp-json\/wp\/v2\/types\/post"}],"author":[{"embeddable":true,"href":"https:\/\/ucentral.org\/informativo\/index.php\/wp-json\/wp\/v2\/users\/2"}],"replies":[{"embeddable":true,"href":"https:\/\/ucentral.org\/informativo\/index.php\/wp-json\/wp\/v2\/comments?post=2420"}],"version-history":[{"count":1,"href":"https:\/\/ucentral.org\/informativo\/index.php\/wp-json\/wp\/v2\/posts\/2420\/revisions"}],"predecessor-version":[{"id":2425,"href":"https:\/\/ucentral.org\/informativo\/index.php\/wp-json\/wp\/v2\/posts\/2420\/revisions\/2425"}],"wp:featuredmedia":[{"embeddable":true,"href":"https:\/\/ucentral.org\/informativo\/index.php\/wp-json\/wp\/v2\/media\/2421"}],"wp:attachment":[{"href":"https:\/\/ucentral.org\/informativo\/index.php\/wp-json\/wp\/v2\/media?parent=2420"}],"wp:term":[{"taxonomy":"category","embeddable":true,"href":"https:\/\/ucentral.org\/informativo\/index.php\/wp-json\/wp\/v2\/categories?post=2420"},{"taxonomy":"post_tag","embeddable":true,"href":"https:\/\/ucentral.org\/informativo\/index.php\/wp-json\/wp\/v2\/tags?post=2420"}],"curies":[{"name":"wp","href":"https:\/\/api.w.org\/{rel}","templated":true}]}}