{"id":2432,"date":"2025-10-13T10:03:07","date_gmt":"2025-10-13T15:03:07","guid":{"rendered":"https:\/\/ucentral.org\/informativo\/?p=2432"},"modified":"2025-11-25T08:06:29","modified_gmt":"2025-11-25T13:06:29","slug":"ciief20251013","status":"publish","type":"post","link":"https:\/\/ucentral.org\/informativo\/index.php\/2025\/10\/13\/ciief20251013\/","title":{"rendered":"\u00a1Inscripciones abiertas! 4to Congreso Internacional de Investigaci\u00f3n y Ense\u00f1anza de la F\u00edsica &#8211; MODALIDAD HIBRIDA"},"content":{"rendered":"\n<p>Te invitamos al 4to Congreso Internacional de Investigaci\u00f3n y Ense\u00f1anza de la F\u00edsica &#8211; MODALIDAD HIBRIDA, que se celebrar\u00e1 en Colombia los <a><\/a>d\u00edas 23, 24 y 25 de octubre de 2025. Bajo el lema \u201cLa f\u00edsica y su aporte a la soluci\u00f3n de problemas en contextos reales\u201d, este evento reunir\u00e1 a destacados expertos internacionales que est\u00e1n transformando la ense\u00f1anza y aplicaci\u00f3n de la F\u00edsica en el mundo.<\/p>\n\n\n\n<p><img loading=\"lazy\" decoding=\"async\" height=\"16\" width=\"16\" alt=\"\ud83c\udf1f\" src=\"https:\/\/static.xx.fbcdn.net\/images\/emoji.php\/v9\/te0\/1\/16\/1f31f.png\"> Participaci\u00f3n destacada:<\/p>\n\n\n\n<p>Nos honra la presencia de la Mgs. Elsa Arequipa, docente de la Facultad de Ciencias de la Universidad Central del Ecuador, quien presentar\u00e1 la ponencia:<\/p>\n\n\n\n<p><img loading=\"lazy\" decoding=\"async\" height=\"16\" width=\"16\" alt=\"\ud83e\uddea\" src=\"https:\/\/static.xx.fbcdn.net\/images\/emoji.php\/v9\/t2d\/1\/16\/1f9ea.png\"> \u201cIntegraci\u00f3n del enfoque interdisciplinario STEAM y realidad aumentada en la ense\u00f1anza de la F\u00edsica experimental\u201d<\/p>\n\n\n\n<p>Una propuesta innovadora que conecta tecnolog\u00eda, creatividad y ciencia para potenciar el aprendizaje en contextos reales.<\/p>\n\n\n\n<p><img loading=\"lazy\" decoding=\"async\" height=\"16\" width=\"16\" alt=\"\ud83d\udc65\" src=\"https:\/\/static.xx.fbcdn.net\/images\/emoji.php\/v9\/t8b\/1\/16\/1f465.png\"> Tambi\u00e9n nos acompa\u00f1ar\u00e1n investigadores de Chile, Argentina, Guatemala e Italia, con temas que abordan desde la f\u00edsica de sistemas urbanos hasta experiencias educativas en contextos de vulnerabilidad social.<\/p>\n\n\n\n<p><img loading=\"lazy\" decoding=\"async\" height=\"16\" width=\"16\" alt=\"\ud83d\udccc\" src=\"https:\/\/static.xx.fbcdn.net\/images\/emoji.php\/v9\/tac\/1\/16\/1f4cc.png\"> \u00a1No te quedes fuera!<\/p>\n\n\n\n<p>Inscr\u00edbete <a href=\"https:\/\/l.facebook.com\/l.php?u=https%3A%2F%2Fsites.google.com%2Fupq.edu.mx%2Fciief2025%2Finicio%3Fauthuser%3D0%26fbclid%3DIwZXh0bgNhZW0CMTAAYnJpZBExcTZ2bXB5eFp1bXVDMWJjSwEeAi-tAOCFQiYQFM6J_LWlV0BVUXn7TTvx5sBlmOa23VV9sY6ty6C3wYhNlAg_aem_8EIoZ1p-8UAC8lYdk9HCjQ&amp;h=AT2VMQ2RP8t2EpKMUosXZSMBQG9INhv84OCIYLv7RzQQUZBHtDjQ931SuEt-w9WTXNW0W5XHi6-c0Uc6oNQoDBCb9h-ATGPfUjWlnsheZT-APcscdOAfo9rplNVYJFZYFmnDxY-5VXD0Ik8nyA&amp;__tn__=-UK-R&amp;c[0]=AT2LM1Nq5FNJ7NxA6RafJEyxgV_I5_feuzoKqYne7HZx4aJf-TxIvN0aEUQD1tHursUIBo0FHEKMxP8PB4sDHzV4EWSXHzuB_pRmwLe6GQGCKmWk1oTtH04vxwYe0T_U6HY9Z9Rr3KTofCgDRGxkvjY8GZaYKR-tTrhIcbPrD4rBAe99QT1KttMxAg09qQfMMI5pDwwXE5szHN___7SGFMxIvIyFMw\">aqu\u00ed <\/a>y s\u00e9 parte de este espacio de di\u00e1logo, innovaci\u00f3n y colaboraci\u00f3n acad\u00e9mica internacional.<\/p>\n\n\n\n<p><\/p>\n","protected":false},"excerpt":{"rendered":"<p>Te invitamos al 4to Congreso Internacional de Investigaci\u00f3n y Ense\u00f1anza de la F\u00edsica &#8211; MODALIDAD HIBRIDA, que se celebrar\u00e1 en Colombia los d\u00edas 23, 24 y 25 de octubre de 2025. Bajo el lema \u201cLa f\u00edsica y su aporte a la soluci\u00f3n de problemas en contextos reales\u201d, este evento reunir\u00e1 a destacados expertos internacionales que [&hellip;]<\/p>\n","protected":false},"author":2,"featured_media":2433,"comment_status":"closed","ping_status":"open","sticky":false,"template":"","format":"standard","meta":{"footnotes":""},"categories":[112,213,13,164,6,384,73],"tags":[402],"class_list":["post-2432","post","type-post","status-publish","format-standard","has-post-thumbnail","hentry","category-ciencia-central","category-convocatoria","category-cursos-seminarios","category-eventos","category-noticias","category-ucetech","category-webinar","tag-ciief"],"_links":{"self":[{"href":"https:\/\/ucentral.org\/informativo\/index.php\/wp-json\/wp\/v2\/posts\/2432","targetHints":{"allow":["GET"]}}],"collection":[{"href":"https:\/\/ucentral.org\/informativo\/index.php\/wp-json\/wp\/v2\/posts"}],"about":[{"href":"https:\/\/ucentral.org\/informativo\/index.php\/wp-json\/wp\/v2\/types\/post"}],"author":[{"embeddable":true,"href":"https:\/\/ucentral.org\/informativo\/index.php\/wp-json\/wp\/v2\/users\/2"}],"replies":[{"embeddable":true,"href":"https:\/\/ucentral.org\/informativo\/index.php\/wp-json\/wp\/v2\/comments?post=2432"}],"version-history":[{"count":1,"href":"https:\/\/ucentral.org\/informativo\/index.php\/wp-json\/wp\/v2\/posts\/2432\/revisions"}],"predecessor-version":[{"id":2434,"href":"https:\/\/ucentral.org\/informativo\/index.php\/wp-json\/wp\/v2\/posts\/2432\/revisions\/2434"}],"wp:featuredmedia":[{"embeddable":true,"href":"https:\/\/ucentral.org\/informativo\/index.php\/wp-json\/wp\/v2\/media\/2433"}],"wp:attachment":[{"href":"https:\/\/ucentral.org\/informativo\/index.php\/wp-json\/wp\/v2\/media?parent=2432"}],"wp:term":[{"taxonomy":"category","embeddable":true,"href":"https:\/\/ucentral.org\/informativo\/index.php\/wp-json\/wp\/v2\/categories?post=2432"},{"taxonomy":"post_tag","embeddable":true,"href":"https:\/\/ucentral.org\/informativo\/index.php\/wp-json\/wp\/v2\/tags?post=2432"}],"curies":[{"name":"wp","href":"https:\/\/api.w.org\/{rel}","templated":true}]}}