{"id":2456,"date":"2025-10-20T10:16:00","date_gmt":"2025-10-20T15:16:00","guid":{"rendered":"https:\/\/ucentral.org\/informativo\/?p=2456"},"modified":"2025-10-27T10:20:36","modified_gmt":"2025-10-27T15:20:36","slug":"jctc1","status":"publish","type":"post","link":"https:\/\/ucentral.org\/informativo\/index.php\/2025\/10\/20\/jctc1\/","title":{"rendered":"Primeras Jornadas de Ciencia y Tecnolog\u00eda Cu\u00e1nticas"},"content":{"rendered":"\n<p>La Universidad Central del Ecuador, el Vicerrectorado Acad\u00e9mico y de Posgrados, la Facultad de Ciencias, UNESCO Ecuador y el grupo de Investigaci\u00f3n Interdisciplinario Ciencia Central, te invitan a ser parte de un evento sin precedentes:<\/p>\n\n\n\n<p><img loading=\"lazy\" decoding=\"async\" height=\"16\" width=\"16\" alt=\"\ud83d\udd2c\" src=\"https:\/\/static.xx.fbcdn.net\/images\/emoji.php\/v9\/t7e\/1\/16\/1f52c.png\"> Primeras Jornadas de Ciencia y Tecnolog\u00eda Cu\u00e1nticas 2025<\/p>\n\n\n\n<p><img loading=\"lazy\" decoding=\"async\" height=\"16\" width=\"16\" alt=\"\ud83d\udcc5\" src=\"https:\/\/static.xx.fbcdn.net\/images\/emoji.php\/v9\/t7e\/1\/16\/1f4c5.png\"> 2<a><\/a>2 de octubre de 2025<\/p>\n\n\n\n<p><img loading=\"lazy\" decoding=\"async\" height=\"16\" width=\"16\" alt=\"\ud83d\udd58\" src=\"https:\/\/static.xx.fbcdn.net\/images\/emoji.php\/v9\/tb0\/1\/16\/1f558.png\"> De 09h00 a 14h00<\/p>\n\n\n\n<p><img loading=\"lazy\" decoding=\"async\" height=\"16\" width=\"16\" alt=\"\ud83d\udccd\" src=\"https:\/\/static.xx.fbcdn.net\/images\/emoji.php\/v9\/t2d\/1\/16\/1f4cd.png\"> Auditorio 2, Centro de Informaci\u00f3n Integral \u2013 UCE<\/p>\n\n\n\n<p><img loading=\"lazy\" decoding=\"async\" height=\"16\" width=\"16\" alt=\"\ud83d\udcf2\" src=\"https:\/\/static.xx.fbcdn.net\/images\/emoji.php\/v9\/td8\/1\/16\/1f4f2.png\"> \u00a1Inscr\u00edbete ahora escaneando el c\u00f3digo QR!<\/p>\n\n\n\n<p><img loading=\"lazy\" decoding=\"async\" height=\"16\" width=\"16\" alt=\"\ud83c\udf93\" src=\"https:\/\/static.xx.fbcdn.net\/images\/emoji.php\/v9\/t25\/1\/16\/1f393.png\"> Evento gratuito con cupos limitados.<\/p>\n\n\n\n<p>En el marco del A\u00f1o Internacional de la Ciencia y las Tecnolog\u00edas Cu\u00e1nticas, declarado por las Naciones Unidas, este evento se suma a una iniciativa global que reconoce el papel transformador de la f\u00edsica cu\u00e1ntica en el desarrollo cient\u00edfico, tecnol\u00f3gico y social del siglo XXI. Esta conmemoraci\u00f3n busca impulsar la investigaci\u00f3n, la educaci\u00f3n y la cooperaci\u00f3n internacional en torno a los avances cu\u00e1nticos, promoviendo su aplicaci\u00f3n \u00e9tica y sostenible en beneficio de la humanidad. Las Primeras Jornadas de Ciencia y Tecnolog\u00eda Cu\u00e1nticas 2025 se alinean con este llamado, ofreciendo un espacio acad\u00e9mico para reflexionar, compartir y construir conocimiento desde Am\u00e9rica Latina hacia el mundo.<\/p>\n\n\n\n<p>Explora el fascinante mundo de la ciencia cu\u00e1ntica y las tecnolog\u00edas emergentes que est\u00e1n transformando el futuro. Un espacio para el di\u00e1logo interdisciplinario, la innovaci\u00f3n y la colaboraci\u00f3n cient\u00edfica.<\/p>\n\n\n\n<p>This event will be the \u201cFirst Conference on Quantum Science and Technology\u201d at Universidad Central del Ecuador on Wednesday, October 22, 2025, from 9 am to 2 pm in person (with Facebook Live transmission). The event will be a series of lectures on quantum mechanics, quantum ethics, quantum computing, post-quantum cryptography, and non-computational applications for the entire university community.<\/p>\n\n\n\n<p><a><\/a>For inquiries, please contact to Interdisciplinary Research Group &#8220;Ciencia Central&#8221; email: gicc@uce.edu.ec<\/p>\n\n\n\n<p>link:<\/p>\n\n\n\n<p><a href=\"https:\/\/quantum2025.org\/...\/primeras-jornadas-de-ciencia...\">https:\/\/quantum2025.org\/&#8230;\/primeras-jornadas-de-ciencia&#8230;<\/a><\/p>\n\n\n\n<figure class=\"wp-block-image size-full\"><img loading=\"lazy\" decoding=\"async\" width=\"565\" height=\"505\" src=\"https:\/\/ucentral.org\/informativo\/wp-content\/uploads\/2025\/10\/unescoJornadasCuanticas01.jpg\" alt=\"\" class=\"wp-image-2458\" srcset=\"https:\/\/ucentral.org\/informativo\/wp-content\/uploads\/2025\/10\/unescoJornadasCuanticas01.jpg 565w, https:\/\/ucentral.org\/informativo\/wp-content\/uploads\/2025\/10\/unescoJornadasCuanticas01-300x268.jpg 300w\" sizes=\"auto, (max-width: 565px) 100vw, 565px\" \/><\/figure>\n\n\n\n<figure class=\"wp-block-image size-full\"><img loading=\"lazy\" decoding=\"async\" width=\"590\" height=\"335\" src=\"https:\/\/ucentral.org\/informativo\/wp-content\/uploads\/2025\/10\/unescoJornadasCuanticas02.jpg\" alt=\"\" class=\"wp-image-2460\" srcset=\"https:\/\/ucentral.org\/informativo\/wp-content\/uploads\/2025\/10\/unescoJornadasCuanticas02.jpg 590w, https:\/\/ucentral.org\/informativo\/wp-content\/uploads\/2025\/10\/unescoJornadasCuanticas02-300x170.jpg 300w\" sizes=\"auto, (max-width: 590px) 100vw, 590px\" \/><\/figure>\n","protected":false},"excerpt":{"rendered":"<p>La Universidad Central del Ecuador, el Vicerrectorado Acad\u00e9mico y de Posgrados, la Facultad de Ciencias, UNESCO Ecuador y el grupo de Investigaci\u00f3n Interdisciplinario Ciencia Central, te invitan a ser parte de un evento sin precedentes: Primeras Jornadas de Ciencia y Tecnolog\u00eda Cu\u00e1nticas 2025 22 de octubre de 2025 De 09h00 a 14h00 Auditorio 2, Centro [&hellip;]<\/p>\n","protected":false},"author":2,"featured_media":2457,"comment_status":"closed","ping_status":"closed","sticky":false,"template":"","format":"standard","meta":{"footnotes":""},"categories":[112,13,164,6,384,73],"tags":[149,366],"class_list":["post-2456","post","type-post","status-publish","format-standard","has-post-thumbnail","hentry","category-ciencia-central","category-cursos-seminarios","category-eventos","category-noticias","category-ucetech","category-webinar","tag-facultad-de-ciencias","tag-unesco"],"_links":{"self":[{"href":"https:\/\/ucentral.org\/informativo\/index.php\/wp-json\/wp\/v2\/posts\/2456","targetHints":{"allow":["GET"]}}],"collection":[{"href":"https:\/\/ucentral.org\/informativo\/index.php\/wp-json\/wp\/v2\/posts"}],"about":[{"href":"https:\/\/ucentral.org\/informativo\/index.php\/wp-json\/wp\/v2\/types\/post"}],"author":[{"embeddable":true,"href":"https:\/\/ucentral.org\/informativo\/index.php\/wp-json\/wp\/v2\/users\/2"}],"replies":[{"embeddable":true,"href":"https:\/\/ucentral.org\/informativo\/index.php\/wp-json\/wp\/v2\/comments?post=2456"}],"version-history":[{"count":2,"href":"https:\/\/ucentral.org\/informativo\/index.php\/wp-json\/wp\/v2\/posts\/2456\/revisions"}],"predecessor-version":[{"id":2461,"href":"https:\/\/ucentral.org\/informativo\/index.php\/wp-json\/wp\/v2\/posts\/2456\/revisions\/2461"}],"wp:featuredmedia":[{"embeddable":true,"href":"https:\/\/ucentral.org\/informativo\/index.php\/wp-json\/wp\/v2\/media\/2457"}],"wp:attachment":[{"href":"https:\/\/ucentral.org\/informativo\/index.php\/wp-json\/wp\/v2\/media?parent=2456"}],"wp:term":[{"taxonomy":"category","embeddable":true,"href":"https:\/\/ucentral.org\/informativo\/index.php\/wp-json\/wp\/v2\/categories?post=2456"},{"taxonomy":"post_tag","embeddable":true,"href":"https:\/\/ucentral.org\/informativo\/index.php\/wp-json\/wp\/v2\/tags?post=2456"}],"curies":[{"name":"wp","href":"https:\/\/api.w.org\/{rel}","templated":true}]}}