{"id":2462,"date":"2025-10-27T10:29:38","date_gmt":"2025-10-27T15:29:38","guid":{"rendered":"https:\/\/ucentral.org\/informativo\/?p=2462"},"modified":"2025-10-27T10:29:39","modified_gmt":"2025-10-27T15:29:39","slug":"jctc1ra","status":"publish","type":"post","link":"https:\/\/ucentral.org\/informativo\/index.php\/2025\/10\/27\/jctc1ra\/","title":{"rendered":"Se realiz\u00f3 las Primeras Jornadas de Ciencia y Tecnolog\u00edas Cu\u00e1nticas"},"content":{"rendered":"\n<p>El Vicerrectorado Acad\u00e9mico y de Posgrado y la Facultad de Ciencias, con la colaboraci\u00f3n de la Organizaci\u00f3n de las Naciones Unidas para la Educaci\u00f3n, la Ciencia y la Cultura (UNESCO), desarrollaron exitosamente las Primeras Jornadas de Ciencia y Tecnolog\u00edas Cu\u00e1nticas, un evento pionero en el Ecuador.<\/p>\n\n\n\n<p><a><\/a>El Decano de la Facultad de Ciencias Franz Del Pozo dio la bienvenida a los asistentes al evento, la jornada fue inaugurada por la Dra. Julieta Logro\u00f1o, Vicerrectora Acad\u00e9mica, y Tatiana Villegas, representante de la UNESCO en Ecuador. Estas jornadas se encuentran registradas oficialmente en la plataforma del A\u00f1o Internacional de la Ciencia y Tecnolog\u00eda Cu\u00e1nticas (IYQ 2025), promovido por las Naciones Unidas.<\/p>\n\n\n\n<p>Este encuentro acad\u00e9mico reuni\u00f3 a destacados expertos nacionales e internacionales que compartieron sus conocimientos sobre los fundamentos, aplicaciones y proyecciones de la ciencia y la tecnolog\u00eda cu\u00e1ntica, en el marco de la alianza estrat\u00e9gica suscrita entre la UCE y la UNESCO en mayo pasado. Esta cooperaci\u00f3n impulsa iniciativas conjuntas orientadas al fomento del conocimiento en \u00e1reas clave como cambio clim\u00e1tico, educaci\u00f3n superior, comunicaci\u00f3n, cultura y ciencia y tecnolog\u00eda.<\/p>\n\n\n\n<p>La Facultad de Ciencias, la unidad acad\u00e9mica m\u00e1s joven de la Universidad Central del Ecuador, asume con decisi\u00f3n objetivos ambiciosos en el desarrollo de la ciencia y la innovaci\u00f3n tecnol\u00f3gica, consolid\u00e1ndose como un referente en la generaci\u00f3n de conocimiento cient\u00edfico al servicio del pa\u00eds.<\/p>\n\n\n\n<p>Con estas jornadas, la Universidad Central del Ecuador reafirma su compromiso con la ciencia, la tecnolog\u00eda y el desarrollo sostenible del pa\u00eds.<\/p>\n\n\n\n<figure class=\"wp-block-gallery has-nested-images columns-default is-cropped wp-block-gallery-1 is-layout-flex wp-block-gallery-is-layout-flex\">\n<figure class=\"wp-block-image size-large\"><img loading=\"lazy\" decoding=\"async\" width=\"1024\" height=\"400\" data-id=\"2467\" src=\"https:\/\/ucentral.org\/informativo\/wp-content\/uploads\/2025\/10\/unescoJornadasCuanticas13-1024x400.jpg\" alt=\"\" class=\"wp-image-2467\" srcset=\"https:\/\/ucentral.org\/informativo\/wp-content\/uploads\/2025\/10\/unescoJornadasCuanticas13-1024x400.jpg 1024w, https:\/\/ucentral.org\/informativo\/wp-content\/uploads\/2025\/10\/unescoJornadasCuanticas13-300x117.jpg 300w, https:\/\/ucentral.org\/informativo\/wp-content\/uploads\/2025\/10\/unescoJornadasCuanticas13-768x300.jpg 768w, https:\/\/ucentral.org\/informativo\/wp-content\/uploads\/2025\/10\/unescoJornadasCuanticas13.jpg 1224w\" sizes=\"auto, (max-width: 1024px) 100vw, 1024px\" \/><\/figure>\n\n\n\n<figure class=\"wp-block-image size-large\"><img loading=\"lazy\" decoding=\"async\" width=\"1024\" height=\"400\" data-id=\"2466\" src=\"https:\/\/ucentral.org\/informativo\/wp-content\/uploads\/2025\/10\/unescoJornadasCuanticas12-1024x400.jpg\" alt=\"\" class=\"wp-image-2466\" srcset=\"https:\/\/ucentral.org\/informativo\/wp-content\/uploads\/2025\/10\/unescoJornadasCuanticas12-1024x400.jpg 1024w, https:\/\/ucentral.org\/informativo\/wp-content\/uploads\/2025\/10\/unescoJornadasCuanticas12-300x117.jpg 300w, https:\/\/ucentral.org\/informativo\/wp-content\/uploads\/2025\/10\/unescoJornadasCuanticas12-768x300.jpg 768w, https:\/\/ucentral.org\/informativo\/wp-content\/uploads\/2025\/10\/unescoJornadasCuanticas12.jpg 1224w\" sizes=\"auto, (max-width: 1024px) 100vw, 1024px\" \/><\/figure>\n\n\n\n<figure class=\"wp-block-image size-large\"><img loading=\"lazy\" decoding=\"async\" width=\"1024\" height=\"400\" data-id=\"2465\" src=\"https:\/\/ucentral.org\/informativo\/wp-content\/uploads\/2025\/10\/unescoJornadasCuanticas11-1024x400.jpg\" alt=\"\" class=\"wp-image-2465\" srcset=\"https:\/\/ucentral.org\/informativo\/wp-content\/uploads\/2025\/10\/unescoJornadasCuanticas11-1024x400.jpg 1024w, https:\/\/ucentral.org\/informativo\/wp-content\/uploads\/2025\/10\/unescoJornadasCuanticas11-300x117.jpg 300w, https:\/\/ucentral.org\/informativo\/wp-content\/uploads\/2025\/10\/unescoJornadasCuanticas11-768x300.jpg 768w, https:\/\/ucentral.org\/informativo\/wp-content\/uploads\/2025\/10\/unescoJornadasCuanticas11.jpg 1224w\" sizes=\"auto, (max-width: 1024px) 100vw, 1024px\" \/><\/figure>\n\n\n\n<figure class=\"wp-block-image size-large\"><img loading=\"lazy\" decoding=\"async\" width=\"590\" height=\"230\" data-id=\"2464\" src=\"https:\/\/ucentral.org\/informativo\/wp-content\/uploads\/2025\/10\/unescoJornadasCuanticas10.jpg\" alt=\"\" class=\"wp-image-2464\" srcset=\"https:\/\/ucentral.org\/informativo\/wp-content\/uploads\/2025\/10\/unescoJornadasCuanticas10.jpg 590w, https:\/\/ucentral.org\/informativo\/wp-content\/uploads\/2025\/10\/unescoJornadasCuanticas10-300x117.jpg 300w\" sizes=\"auto, (max-width: 590px) 100vw, 590px\" \/><\/figure>\n\n\n\n<figure class=\"wp-block-image size-large\"><img loading=\"lazy\" decoding=\"async\" width=\"1024\" height=\"400\" data-id=\"2463\" src=\"https:\/\/ucentral.org\/informativo\/wp-content\/uploads\/2025\/10\/unescoJornadasCuanticas14-1024x400.jpg\" alt=\"\" class=\"wp-image-2463\" srcset=\"https:\/\/ucentral.org\/informativo\/wp-content\/uploads\/2025\/10\/unescoJornadasCuanticas14-1024x400.jpg 1024w, https:\/\/ucentral.org\/informativo\/wp-content\/uploads\/2025\/10\/unescoJornadasCuanticas14-300x117.jpg 300w, https:\/\/ucentral.org\/informativo\/wp-content\/uploads\/2025\/10\/unescoJornadasCuanticas14-768x300.jpg 768w, https:\/\/ucentral.org\/informativo\/wp-content\/uploads\/2025\/10\/unescoJornadasCuanticas14.jpg 1224w\" sizes=\"auto, (max-width: 1024px) 100vw, 1024px\" \/><\/figure>\n<\/figure>\n\n\n\n<p><\/p>\n","protected":false},"excerpt":{"rendered":"<p>El Vicerrectorado Acad\u00e9mico y de Posgrado y la Facultad de Ciencias, con la colaboraci\u00f3n de la Organizaci\u00f3n de las Naciones Unidas para la Educaci\u00f3n, la Ciencia y la Cultura (UNESCO), desarrollaron exitosamente las Primeras Jornadas de Ciencia y Tecnolog\u00edas Cu\u00e1nticas, un evento pionero en el Ecuador. El Decano de la Facultad de Ciencias Franz Del [&hellip;]<\/p>\n","protected":false},"author":2,"featured_media":2467,"comment_status":"closed","ping_status":"closed","sticky":false,"template":"","format":"standard","meta":{"footnotes":""},"categories":[112,213,13,6],"tags":[149,366],"class_list":["post-2462","post","type-post","status-publish","format-standard","has-post-thumbnail","hentry","category-ciencia-central","category-convocatoria","category-cursos-seminarios","category-noticias","tag-facultad-de-ciencias","tag-unesco"],"_links":{"self":[{"href":"https:\/\/ucentral.org\/informativo\/index.php\/wp-json\/wp\/v2\/posts\/2462","targetHints":{"allow":["GET"]}}],"collection":[{"href":"https:\/\/ucentral.org\/informativo\/index.php\/wp-json\/wp\/v2\/posts"}],"about":[{"href":"https:\/\/ucentral.org\/informativo\/index.php\/wp-json\/wp\/v2\/types\/post"}],"author":[{"embeddable":true,"href":"https:\/\/ucentral.org\/informativo\/index.php\/wp-json\/wp\/v2\/users\/2"}],"replies":[{"embeddable":true,"href":"https:\/\/ucentral.org\/informativo\/index.php\/wp-json\/wp\/v2\/comments?post=2462"}],"version-history":[{"count":1,"href":"https:\/\/ucentral.org\/informativo\/index.php\/wp-json\/wp\/v2\/posts\/2462\/revisions"}],"predecessor-version":[{"id":2468,"href":"https:\/\/ucentral.org\/informativo\/index.php\/wp-json\/wp\/v2\/posts\/2462\/revisions\/2468"}],"wp:featuredmedia":[{"embeddable":true,"href":"https:\/\/ucentral.org\/informativo\/index.php\/wp-json\/wp\/v2\/media\/2467"}],"wp:attachment":[{"href":"https:\/\/ucentral.org\/informativo\/index.php\/wp-json\/wp\/v2\/media?parent=2462"}],"wp:term":[{"taxonomy":"category","embeddable":true,"href":"https:\/\/ucentral.org\/informativo\/index.php\/wp-json\/wp\/v2\/categories?post=2462"},{"taxonomy":"post_tag","embeddable":true,"href":"https:\/\/ucentral.org\/informativo\/index.php\/wp-json\/wp\/v2\/tags?post=2462"}],"curies":[{"name":"wp","href":"https:\/\/api.w.org\/{rel}","templated":true}]}}