{"id":2472,"date":"2025-10-27T10:41:15","date_gmt":"2025-10-27T15:41:15","guid":{"rendered":"https:\/\/ucentral.org\/informativo\/?p=2472"},"modified":"2025-10-27T10:41:17","modified_gmt":"2025-10-27T15:41:17","slug":"asamblea1","status":"publish","type":"post","link":"https:\/\/ucentral.org\/informativo\/index.php\/2025\/10\/27\/asamblea1\/","title":{"rendered":"UCE presente en la discusi\u00f3n de los proyectos de Ley de Inteligencia Artificial y de Educaci\u00f3n Financiera"},"content":{"rendered":"\n<p>Por delegaci\u00f3n del Dr. Patricio Espinosa, MD, Ph.D., Rector, los se\u00f1ores decanos Dr. Franz Del Pozo, de la Facultad de Ciencias, y el Econ. Roberto Rivadeneira de la Facultad de Ciencias Econ\u00f3micas, as\u00ed como la Mgtr. Grace Guerrero, secretaria abogada de la Facultad de Ciencias, participan en la mesa t\u00e9cnica de la Comisi\u00f3n Especializada Permanente de Educaci\u00f3n de la Asamblea Nacional del Ecuador.<\/p>\n\n\n\n<p>El prop\u00f3sito de esta sesi\u00f3n es brindar sus observaciones acad\u00e9micas respecto a los informes para primer debate de los proyectos de Ley de Inteligencia Artificial y de Educaci\u00f3n Financiera, con otros representantes de instituciones de educaci\u00f3n superior del pa\u00eds.<\/p>\n\n\n\n<figure class=\"wp-block-gallery has-nested-images columns-default is-cropped wp-block-gallery-1 is-layout-flex wp-block-gallery-is-layout-flex\">\n<figure class=\"wp-block-image size-large\"><img loading=\"lazy\" decoding=\"async\" width=\"1024\" height=\"768\" data-id=\"2473\" src=\"https:\/\/ucentral.org\/informativo\/wp-content\/uploads\/2025\/10\/asamblea01-1024x768.jpg\" alt=\"\" class=\"wp-image-2473\" srcset=\"https:\/\/ucentral.org\/informativo\/wp-content\/uploads\/2025\/10\/asamblea01-1024x768.jpg 1024w, https:\/\/ucentral.org\/informativo\/wp-content\/uploads\/2025\/10\/asamblea01-300x225.jpg 300w, https:\/\/ucentral.org\/informativo\/wp-content\/uploads\/2025\/10\/asamblea01-768x576.jpg 768w, https:\/\/ucentral.org\/informativo\/wp-content\/uploads\/2025\/10\/asamblea01-136x102.jpg 136w, https:\/\/ucentral.org\/informativo\/wp-content\/uploads\/2025\/10\/asamblea01.jpg 1280w\" sizes=\"auto, (max-width: 1024px) 100vw, 1024px\" \/><\/figure>\n\n\n\n<figure class=\"wp-block-image size-large\"><img loading=\"lazy\" decoding=\"async\" width=\"1024\" height=\"768\" data-id=\"2474\" src=\"https:\/\/ucentral.org\/informativo\/wp-content\/uploads\/2025\/10\/asamblea02-1024x768.jpg\" alt=\"\" class=\"wp-image-2474\" srcset=\"https:\/\/ucentral.org\/informativo\/wp-content\/uploads\/2025\/10\/asamblea02-1024x768.jpg 1024w, https:\/\/ucentral.org\/informativo\/wp-content\/uploads\/2025\/10\/asamblea02-300x225.jpg 300w, https:\/\/ucentral.org\/informativo\/wp-content\/uploads\/2025\/10\/asamblea02-768x576.jpg 768w, https:\/\/ucentral.org\/informativo\/wp-content\/uploads\/2025\/10\/asamblea02-136x102.jpg 136w, https:\/\/ucentral.org\/informativo\/wp-content\/uploads\/2025\/10\/asamblea02.jpg 1280w\" sizes=\"auto, (max-width: 1024px) 100vw, 1024px\" \/><\/figure>\n<\/figure>\n","protected":false},"excerpt":{"rendered":"<p>Por delegaci\u00f3n del Dr. Patricio Espinosa, MD, Ph.D., Rector, los se\u00f1ores decanos Dr. Franz Del Pozo, de la Facultad de Ciencias, y el Econ. Roberto Rivadeneira de la Facultad de Ciencias Econ\u00f3micas, as\u00ed como la Mgtr. Grace Guerrero, secretaria abogada de la Facultad de Ciencias, participan en la mesa t\u00e9cnica de la Comisi\u00f3n Especializada Permanente [&hellip;]<\/p>\n","protected":false},"author":2,"featured_media":2473,"comment_status":"closed","ping_status":"closed","sticky":false,"template":"","format":"standard","meta":{"footnotes":""},"categories":[6],"tags":[414,149],"class_list":["post-2472","post","type-post","status-publish","format-standard","has-post-thumbnail","hentry","category-noticias","tag-asamblea","tag-facultad-de-ciencias"],"_links":{"self":[{"href":"https:\/\/ucentral.org\/informativo\/index.php\/wp-json\/wp\/v2\/posts\/2472","targetHints":{"allow":["GET"]}}],"collection":[{"href":"https:\/\/ucentral.org\/informativo\/index.php\/wp-json\/wp\/v2\/posts"}],"about":[{"href":"https:\/\/ucentral.org\/informativo\/index.php\/wp-json\/wp\/v2\/types\/post"}],"author":[{"embeddable":true,"href":"https:\/\/ucentral.org\/informativo\/index.php\/wp-json\/wp\/v2\/users\/2"}],"replies":[{"embeddable":true,"href":"https:\/\/ucentral.org\/informativo\/index.php\/wp-json\/wp\/v2\/comments?post=2472"}],"version-history":[{"count":1,"href":"https:\/\/ucentral.org\/informativo\/index.php\/wp-json\/wp\/v2\/posts\/2472\/revisions"}],"predecessor-version":[{"id":2475,"href":"https:\/\/ucentral.org\/informativo\/index.php\/wp-json\/wp\/v2\/posts\/2472\/revisions\/2475"}],"wp:featuredmedia":[{"embeddable":true,"href":"https:\/\/ucentral.org\/informativo\/index.php\/wp-json\/wp\/v2\/media\/2473"}],"wp:attachment":[{"href":"https:\/\/ucentral.org\/informativo\/index.php\/wp-json\/wp\/v2\/media?parent=2472"}],"wp:term":[{"taxonomy":"category","embeddable":true,"href":"https:\/\/ucentral.org\/informativo\/index.php\/wp-json\/wp\/v2\/categories?post=2472"},{"taxonomy":"post_tag","embeddable":true,"href":"https:\/\/ucentral.org\/informativo\/index.php\/wp-json\/wp\/v2\/tags?post=2472"}],"curies":[{"name":"wp","href":"https:\/\/api.w.org\/{rel}","templated":true}]}}