{"id":2682,"date":"2025-11-11T20:32:38","date_gmt":"2025-11-12T01:32:38","guid":{"rendered":"https:\/\/ucentral.org\/informativo\/?p=2682"},"modified":"2025-11-11T20:32:38","modified_gmt":"2025-11-12T01:32:38","slug":"iniappim","status":"publish","type":"post","link":"https:\/\/ucentral.org\/informativo\/index.php\/2025\/11\/11\/iniappim\/","title":{"rendered":"Concluimos la capacitaci\u00f3n en Procesamiento de Im\u00e1genes Multiespectrales"},"content":{"rendered":"\n<p>El 10 y 11 de noviembre se desarroll\u00f3 con \u00e9xito el <strong>\u00faltimo m\u00f3dulo presencial del curso \u201cProcesamiento de Im\u00e1genes Multiespectrales\u201d<\/strong>, en el marco del acuerdo de colaboraci\u00f3n entre la <strong>Facultad de Ciencias de la UCE y el INIAP<\/strong>.<\/p>\n\n\n\n<p>Durante estas jornadas, participantes de la Facultad de Ciencias fortalecieron sus capacidades en an\u00e1lisis geoespacial, aplicando herramientas de teledetecci\u00f3n y espectro radiom\u00e9trico para el estudio de cultivos, territorio y gesti\u00f3n ambiental.<\/p>\n\n\n\n<p>Este proceso formativo, liderado por expertos del INIAP, permite a ambas instituciones fortalecer proyectos conjuntos en beneficio de la ciencia y del desarrollo nacional.<\/p>\n","protected":false},"excerpt":{"rendered":"<p>El 10 y 11 de noviembre se desarroll\u00f3 con \u00e9xito el \u00faltimo m\u00f3dulo presencial del curso \u201cProcesamiento de Im\u00e1genes Multiespectrales\u201d, en el marco del acuerdo de colaboraci\u00f3n entre la Facultad de Ciencias de la UCE y el INIAP. Durante estas jornadas, participantes de la Facultad de Ciencias fortalecieron sus capacidades en an\u00e1lisis geoespacial, aplicando herramientas [&hellip;]<\/p>\n","protected":false},"author":2,"featured_media":2684,"comment_status":"closed","ping_status":"closed","sticky":false,"template":"","format":"standard","meta":{"footnotes":""},"categories":[13,164,404,41,6,384],"tags":[149,365,405],"class_list":["post-2682","post","type-post","status-publish","format-standard","has-post-thumbnail","hentry","category-cursos-seminarios","category-eventos","category-galileo","category-investigacion","category-noticias","category-ucetech","tag-facultad-de-ciencias","tag-iniap","tag-multiespectral"],"_links":{"self":[{"href":"https:\/\/ucentral.org\/informativo\/index.php\/wp-json\/wp\/v2\/posts\/2682","targetHints":{"allow":["GET"]}}],"collection":[{"href":"https:\/\/ucentral.org\/informativo\/index.php\/wp-json\/wp\/v2\/posts"}],"about":[{"href":"https:\/\/ucentral.org\/informativo\/index.php\/wp-json\/wp\/v2\/types\/post"}],"author":[{"embeddable":true,"href":"https:\/\/ucentral.org\/informativo\/index.php\/wp-json\/wp\/v2\/users\/2"}],"replies":[{"embeddable":true,"href":"https:\/\/ucentral.org\/informativo\/index.php\/wp-json\/wp\/v2\/comments?post=2682"}],"version-history":[{"count":1,"href":"https:\/\/ucentral.org\/informativo\/index.php\/wp-json\/wp\/v2\/posts\/2682\/revisions"}],"predecessor-version":[{"id":2683,"href":"https:\/\/ucentral.org\/informativo\/index.php\/wp-json\/wp\/v2\/posts\/2682\/revisions\/2683"}],"wp:featuredmedia":[{"embeddable":true,"href":"https:\/\/ucentral.org\/informativo\/index.php\/wp-json\/wp\/v2\/media\/2684"}],"wp:attachment":[{"href":"https:\/\/ucentral.org\/informativo\/index.php\/wp-json\/wp\/v2\/media?parent=2682"}],"wp:term":[{"taxonomy":"category","embeddable":true,"href":"https:\/\/ucentral.org\/informativo\/index.php\/wp-json\/wp\/v2\/categories?post=2682"},{"taxonomy":"post_tag","embeddable":true,"href":"https:\/\/ucentral.org\/informativo\/index.php\/wp-json\/wp\/v2\/tags?post=2682"}],"curies":[{"name":"wp","href":"https:\/\/api.w.org\/{rel}","templated":true}]}}