{"id":2756,"date":"2025-11-23T10:04:35","date_gmt":"2025-11-23T15:04:35","guid":{"rendered":"https:\/\/ucentral.org\/informativo\/?p=2756"},"modified":"2025-11-25T08:07:48","modified_gmt":"2025-11-25T13:07:48","slug":"jem2025","status":"publish","type":"post","link":"https:\/\/ucentral.org\/informativo\/index.php\/2025\/11\/23\/jem2025\/","title":{"rendered":"VII Jornadas Ecuatorianas de Matem\u00e1tica \u2013 JEM 2025"},"content":{"rendered":"\n<p><a><\/a>La Facultad de Ciencias de la Universidad Central del Ecuador, invita a participar en las VII Jornadas Ecuatorianas de Matem\u00e1tica \u2013 JEM 2025, las JEM son un espacio cient\u00edfico &#8211; acad\u00e9mico para el intercambio acad\u00e9mico y el fortalecimiento de redes cient\u00edficas.<\/p>\n\n\n\n<p><img loading=\"lazy\" decoding=\"async\" height=\"16\" width=\"16\" alt=\"\ud83d\uddd3\" src=\"https:\/\/static.xx.fbcdn.net\/images\/emoji.php\/v9\/t5c\/1\/16\/1f5d3.png\"> Fechas: 24 al 28 de noviembre de 2025<\/p>\n\n\n\n<p><img loading=\"lazy\" decoding=\"async\" height=\"16\" width=\"16\" alt=\"\ud83d\udccd\" src=\"https:\/\/static.xx.fbcdn.net\/images\/emoji.php\/v9\/t2d\/1\/16\/1f4cd.png\"> Lugar: Centro de Informaci\u00f3n Integral, Universidad Central del Ecuador<\/p>\n\n\n\n<p><img loading=\"lazy\" decoding=\"async\" height=\"16\" width=\"16\" alt=\"\u23f0\" src=\"https:\/\/static.xx.fbcdn.net\/images\/emoji.php\/v9\/t34\/1\/16\/23f0.png\"> Horario: 08h00 a 16h00<\/p>\n\n\n\n<p><img loading=\"lazy\" decoding=\"async\" height=\"16\" width=\"16\" alt=\"\ud83d\udd17\" src=\"https:\/\/static.xx.fbcdn.net\/images\/emoji.php\/v9\/tb3\/1\/16\/1f517.png\"> Inscripciones y detalles: <a href=\"http:\/\/jem.ucentral.org\/?fbclid=IwZXh0bgNhZW0CMTAAYnJpZBExaWZJa01GNFVyV3lBczhLcnNydGMGYXBwX2lkEDIyMjAzOTE3ODgyMDA4OTIAAR4sm1uGRt0aqJIMc-3gJ7P5beRsd6osXobnsufKF481pLsNf6Oj0-5tbstAsQ_aem_SHfd9_GIElg_cvgH2WQWCw\" rel=\"noreferrer noopener\" target=\"_blank\">jem.ucentral.org<\/a><\/p>\n\n\n\n<p><img loading=\"lazy\" decoding=\"async\" height=\"16\" width=\"16\" alt=\"\ud83d\udcf2\" src=\"https:\/\/static.xx.fbcdn.net\/images\/emoji.php\/v9\/td8\/1\/16\/1f4f2.png\"> S\u00edguenos: @fciencias.uce<\/p>\n\n\n\n<p><img loading=\"lazy\" decoding=\"async\" height=\"16\" width=\"16\" alt=\"\ud83c\udfaf\" src=\"https:\/\/static.xx.fbcdn.net\/images\/emoji.php\/v9\/tb0\/1\/16\/1f3af.png\"> Tem\u00e1ticas destacadas:<\/p>\n\n\n\n<p>&#8211; Modelizaci\u00f3n matem\u00e1tica en salud p\u00fablica<\/p>\n\n\n\n<p>&#8211; Matem\u00e1tica, cultura y sociedad<\/p>\n\n\n\n<p>&#8211; Topolog\u00eda y geometr\u00eda<\/p>\n\n\n\n<p>&#8211; An\u00e1lisis num\u00e9rico y m\u00e9todos computacionales<\/p>\n\n\n\n<p>&#8211; Teor\u00eda de n\u00fameros<\/p>\n\n\n\n<p>&#8211; An\u00e1lisis funcional y ecuaciones en derivadas parciales<\/p>\n\n\n\n<p><img loading=\"lazy\" decoding=\"async\" height=\"16\" width=\"16\" alt=\"\ud83c\udf93\" src=\"https:\/\/static.xx.fbcdn.net\/images\/emoji.php\/v9\/t25\/1\/16\/1f393.png\"> Las JEM son una plataforma de excelencia cient\u00edfica que impulsa la investigaci\u00f3n, la docencia y la vinculaci\u00f3n en matem\u00e1ticas.<\/p>\n\n\n\n<p>\u00a1S\u00e9 parte de este evento!<\/p>\n","protected":false},"excerpt":{"rendered":"<p>La Facultad de Ciencias de la Universidad Central del Ecuador, invita a participar en las VII Jornadas Ecuatorianas de Matem\u00e1tica \u2013 JEM 2025, las JEM son un espacio cient\u00edfico &#8211; acad\u00e9mico para el intercambio acad\u00e9mico y el fortalecimiento de redes cient\u00edficas. Fechas: 24 al 28 de noviembre de 2025 Lugar: Centro de Informaci\u00f3n Integral, Universidad [&hellip;]<\/p>\n","protected":false},"author":2,"featured_media":2752,"comment_status":"closed","ping_status":"closed","sticky":false,"template":"","format":"standard","meta":{"footnotes":""},"categories":[112,13,164,404,6,384],"tags":[149,329],"class_list":["post-2756","post","type-post","status-publish","format-standard","has-post-thumbnail","hentry","category-ciencia-central","category-cursos-seminarios","category-eventos","category-galileo","category-noticias","category-ucetech","tag-facultad-de-ciencias","tag-jem"],"_links":{"self":[{"href":"https:\/\/ucentral.org\/informativo\/index.php\/wp-json\/wp\/v2\/posts\/2756","targetHints":{"allow":["GET"]}}],"collection":[{"href":"https:\/\/ucentral.org\/informativo\/index.php\/wp-json\/wp\/v2\/posts"}],"about":[{"href":"https:\/\/ucentral.org\/informativo\/index.php\/wp-json\/wp\/v2\/types\/post"}],"author":[{"embeddable":true,"href":"https:\/\/ucentral.org\/informativo\/index.php\/wp-json\/wp\/v2\/users\/2"}],"replies":[{"embeddable":true,"href":"https:\/\/ucentral.org\/informativo\/index.php\/wp-json\/wp\/v2\/comments?post=2756"}],"version-history":[{"count":1,"href":"https:\/\/ucentral.org\/informativo\/index.php\/wp-json\/wp\/v2\/posts\/2756\/revisions"}],"predecessor-version":[{"id":2757,"href":"https:\/\/ucentral.org\/informativo\/index.php\/wp-json\/wp\/v2\/posts\/2756\/revisions\/2757"}],"wp:featuredmedia":[{"embeddable":true,"href":"https:\/\/ucentral.org\/informativo\/index.php\/wp-json\/wp\/v2\/media\/2752"}],"wp:attachment":[{"href":"https:\/\/ucentral.org\/informativo\/index.php\/wp-json\/wp\/v2\/media?parent=2756"}],"wp:term":[{"taxonomy":"category","embeddable":true,"href":"https:\/\/ucentral.org\/informativo\/index.php\/wp-json\/wp\/v2\/categories?post=2756"},{"taxonomy":"post_tag","embeddable":true,"href":"https:\/\/ucentral.org\/informativo\/index.php\/wp-json\/wp\/v2\/tags?post=2756"}],"curies":[{"name":"wp","href":"https:\/\/api.w.org\/{rel}","templated":true}]}}