{"id":2758,"date":"2025-11-23T10:06:51","date_gmt":"2025-11-23T15:06:51","guid":{"rendered":"https:\/\/ucentral.org\/informativo\/?p=2758"},"modified":"2025-11-25T08:05:56","modified_gmt":"2025-11-25T13:05:56","slug":"jemdia1","status":"publish","type":"post","link":"https:\/\/ucentral.org\/informativo\/index.php\/2025\/11\/23\/jemdia1\/","title":{"rendered":"\u00a1Ma\u00f1ana arrancan las VII Jornadas Ecuatorianas de Matem\u00e1tica!"},"content":{"rendered":"\n<p><a><\/a>La Facultad de Ciencias de la Universidad Central del Ecuador te invita a participar en este gran encuentro acad\u00e9mico que re\u00fane a expertos, docentes y estudiantes de todo el pa\u00eds.<\/p>\n\n\n\n<p><img loading=\"lazy\" decoding=\"async\" height=\"16\" width=\"16\" alt=\"\ud83d\uddd3\" src=\"https:\/\/static.xx.fbcdn.net\/images\/emoji.php\/v9\/t5c\/1\/16\/1f5d3.png\"> Inicio: Lunes 24 de noviembre de 2025<\/p>\n\n\n\n<p><img loading=\"lazy\" decoding=\"async\" height=\"16\" width=\"16\" alt=\"\ud83d\udccd\" src=\"https:\/\/static.xx.fbcdn.net\/images\/emoji.php\/v9\/t2d\/1\/16\/1f4cd.png\"> Lugar: Centro de Informaci\u00f3n Integral \u2013 UCE<\/p>\n\n\n\n<p><img loading=\"lazy\" decoding=\"async\" height=\"16\" width=\"16\" alt=\"\ud83d\udd57\" src=\"https:\/\/static.xx.fbcdn.net\/images\/emoji.php\/v9\/t2f\/1\/16\/1f557.png\"> Hora: Desde las 07h45<\/p>\n\n\n\n<p><img loading=\"lazy\" decoding=\"async\" height=\"16\" width=\"16\" alt=\"\ud83d\udd0d\" src=\"https:\/\/static.xx.fbcdn.net\/images\/emoji.php\/v9\/tc1\/1\/16\/1f50d.png\"> Agenda destacada del primer d\u00eda:<\/p>\n\n\n\n<p>&#8211; <img loading=\"lazy\" decoding=\"async\" height=\"16\" width=\"16\" alt=\"\ud83d\udcdd\" src=\"https:\/\/static.xx.fbcdn.net\/images\/emoji.php\/v9\/tcc\/1\/16\/1f4dd.png\"> Registro de asistentes (07h45 \u2013 08h00)<\/p>\n\n\n\n<p>&#8211; <img loading=\"lazy\" decoding=\"async\" height=\"16\" width=\"16\" alt=\"\ud83c\udfa4\" src=\"https:\/\/static.xx.fbcdn.net\/images\/emoji.php\/v9\/t7e\/1\/16\/1f3a4.png\"> Ceremonia de inauguraci\u00f3n (08h00 \u2013 09h00)<\/p>\n\n\n\n<p>&#8211; <img loading=\"lazy\" decoding=\"async\" height=\"16\" width=\"16\" alt=\"\ud83d\udce2\" src=\"https:\/\/static.xx.fbcdn.net\/images\/emoji.php\/v9\/t39\/1\/16\/1f4e2.png\"> Conferencia magistral: Selecci\u00f3n \u00f3ptima de par\u00e1metros en problemas inversos por Juan Carlos de los Reyes (09h00 \u2013 10h00)<\/p>\n\n\n\n<p>&#8211; <img loading=\"lazy\" decoding=\"async\" height=\"16\" width=\"16\" alt=\"\u2615\" src=\"https:\/\/static.xx.fbcdn.net\/images\/emoji.php\/v9\/t91\/1\/16\/2615.png\"> Coffee Break (10h00 \u2013 10h20)<\/p>\n\n\n\n<p>&#8211; <img loading=\"lazy\" decoding=\"async\" height=\"16\" width=\"16\" alt=\"\ud83d\udcda\" src=\"https:\/\/static.xx.fbcdn.net\/images\/emoji.php\/v9\/t49\/1\/16\/1f4da.png\"> Minicursos y sesiones tem\u00e1ticas desde las 09h00:<\/p>\n\n\n\n<p>&#8211; Geometr\u00eda, \u00c1lgebra Homol\u00f3gica, An\u00e1lisis Funcional y EDP<\/p>\n\n\n\n<p><img loading=\"lazy\" decoding=\"async\" height=\"16\" width=\"16\" alt=\"\ud83d\udd17\" src=\"https:\/\/static.xx.fbcdn.net\/images\/emoji.php\/v9\/tb3\/1\/16\/1f517.png\"> M\u00e1s informaci\u00f3n e inscripciones: <a href=\"https:\/\/jem.ucentral.org\/?fbclid=IwZXh0bgNhZW0CMTAAYnJpZBExaWZJa01GNFVyV3lBczhLcnNydGMGYXBwX2lkEDIyMjAzOTE3ODgyMDA4OTIAAR5_io2JiN9dxyH-fumiVOw_6t1Wy9nMuLELgNZaxCSuH_aoQw__hvubfc5zfw_aem_sKrs0LCBb_ZYJ_2TNtkbzA\" rel=\"noreferrer noopener\" target=\"_blank\">https:\/\/jem.ucentral.org<\/a><\/p>\n\n\n\n<p>\u00a1Ven y forma parte de este importante evento!<\/p>\n","protected":false},"excerpt":{"rendered":"<p>La Facultad de Ciencias de la Universidad Central del Ecuador te invita a participar en este gran encuentro acad\u00e9mico que re\u00fane a expertos, docentes y estudiantes de todo el pa\u00eds. Inicio: Lunes 24 de noviembre de 2025 Lugar: Centro de Informaci\u00f3n Integral \u2013 UCE Hora: Desde las 07h45 Agenda destacada del primer d\u00eda: &#8211; Registro [&hellip;]<\/p>\n","protected":false},"author":2,"featured_media":2750,"comment_status":"closed","ping_status":"closed","sticky":false,"template":"","format":"standard","meta":{"footnotes":""},"categories":[112,13,164,6,384],"tags":[385,149,329],"class_list":["post-2758","post","type-post","status-publish","format-standard","has-post-thumbnail","hentry","category-ciencia-central","category-cursos-seminarios","category-eventos","category-noticias","category-ucetech","tag-agenda","tag-facultad-de-ciencias","tag-jem"],"_links":{"self":[{"href":"https:\/\/ucentral.org\/informativo\/index.php\/wp-json\/wp\/v2\/posts\/2758","targetHints":{"allow":["GET"]}}],"collection":[{"href":"https:\/\/ucentral.org\/informativo\/index.php\/wp-json\/wp\/v2\/posts"}],"about":[{"href":"https:\/\/ucentral.org\/informativo\/index.php\/wp-json\/wp\/v2\/types\/post"}],"author":[{"embeddable":true,"href":"https:\/\/ucentral.org\/informativo\/index.php\/wp-json\/wp\/v2\/users\/2"}],"replies":[{"embeddable":true,"href":"https:\/\/ucentral.org\/informativo\/index.php\/wp-json\/wp\/v2\/comments?post=2758"}],"version-history":[{"count":1,"href":"https:\/\/ucentral.org\/informativo\/index.php\/wp-json\/wp\/v2\/posts\/2758\/revisions"}],"predecessor-version":[{"id":2759,"href":"https:\/\/ucentral.org\/informativo\/index.php\/wp-json\/wp\/v2\/posts\/2758\/revisions\/2759"}],"wp:featuredmedia":[{"embeddable":true,"href":"https:\/\/ucentral.org\/informativo\/index.php\/wp-json\/wp\/v2\/media\/2750"}],"wp:attachment":[{"href":"https:\/\/ucentral.org\/informativo\/index.php\/wp-json\/wp\/v2\/media?parent=2758"}],"wp:term":[{"taxonomy":"category","embeddable":true,"href":"https:\/\/ucentral.org\/informativo\/index.php\/wp-json\/wp\/v2\/categories?post=2758"},{"taxonomy":"post_tag","embeddable":true,"href":"https:\/\/ucentral.org\/informativo\/index.php\/wp-json\/wp\/v2\/tags?post=2758"}],"curies":[{"name":"wp","href":"https:\/\/api.w.org\/{rel}","templated":true}]}}