{"id":2766,"date":"2025-11-24T11:46:57","date_gmt":"2025-11-24T16:46:57","guid":{"rendered":"https:\/\/ucentral.org\/informativo\/?p=2766"},"modified":"2025-11-25T08:07:05","modified_gmt":"2025-11-25T13:07:05","slug":"jemdia1-2","status":"publish","type":"post","link":"https:\/\/ucentral.org\/informativo\/index.php\/2025\/11\/24\/jemdia1-2\/","title":{"rendered":"\u00a1Inauguramos las VII Jornadas Ecuatorianas de Matem\u00e1ticas!"},"content":{"rendered":"\n<p>Hoy, la Facultad de Ciencias de la Universidad Central del Ecuador da la bienvenida a investigadores, estudiantes y docentes de todo el pa\u00eds para celebrar la importancia de la matem\u00e1tica como pilar fundamental del conocimiento y motor del desarrollo cient\u00edfico.<\/p>\n\n\n\n<p>El Decano Franz Del Pozo destac\u00f3 en su discurso que \u201cla matem\u00e1tica no es solo una disciplina abstracta, sino la herramienta esencial que impulsa el desarrollo de la ciencia\u201d, subrayando c\u00f3mo cada teorema y cada avance matem\u00e1tico fortalece la innovaci\u00f3n en \u00e1reas como f\u00edsica, biolog\u00eda, qu\u00edmica e ingenier\u00edas. Por su parte, el Subdecano Iv\u00e1n Naula resalt\u00f3 que estas Jornadas son un puntal para el desarrollo de la ciencia, promoviendo el intercambio de ideas y el crecimiento acad\u00e9mico de la comunidad.<\/p>\n\n\n\n<p>Invitamos a todos a participar activamente, compartir sus hallazgos y disfrutar de jornadas llenas de conocimiento y colaboraci\u00f3n.<\/p>\n\n\n\n<p>Para m\u00e1s informaci\u00f3n sobre el evento, visita <a href=\"https:\/\/jem.ucentral.org.\">https:\/\/jem.ucentral.org.<\/a><\/p>\n\n\n\n<p>\u00a1Bienvenidos a las VII Jornadas Ecuatorianas de Matem\u00e1ticas!<\/p>\n\n\n\n<p>im\u00e1genes del evento: <a href=\"https:\/\/www.facebook.com\/share\/p\/1FmkcRYi98\/\">aqu\u00ed<\/a><\/p>\n\n\n\n<p><\/p>\n","protected":false},"excerpt":{"rendered":"<p>Hoy, la Facultad de Ciencias de la Universidad Central del Ecuador da la bienvenida a investigadores, estudiantes y docentes de todo el pa\u00eds para celebrar la importancia de la matem\u00e1tica como pilar fundamental del conocimiento y motor del desarrollo cient\u00edfico. El Decano Franz Del Pozo destac\u00f3 en su discurso que \u201cla matem\u00e1tica no es solo [&hellip;]<\/p>\n","protected":false},"author":2,"featured_media":2767,"comment_status":"closed","ping_status":"closed","sticky":false,"template":"","format":"standard","meta":{"footnotes":""},"categories":[112,13,164,6,384,73],"tags":[149,329],"class_list":["post-2766","post","type-post","status-publish","format-standard","has-post-thumbnail","hentry","category-ciencia-central","category-cursos-seminarios","category-eventos","category-noticias","category-ucetech","category-webinar","tag-facultad-de-ciencias","tag-jem"],"_links":{"self":[{"href":"https:\/\/ucentral.org\/informativo\/index.php\/wp-json\/wp\/v2\/posts\/2766","targetHints":{"allow":["GET"]}}],"collection":[{"href":"https:\/\/ucentral.org\/informativo\/index.php\/wp-json\/wp\/v2\/posts"}],"about":[{"href":"https:\/\/ucentral.org\/informativo\/index.php\/wp-json\/wp\/v2\/types\/post"}],"author":[{"embeddable":true,"href":"https:\/\/ucentral.org\/informativo\/index.php\/wp-json\/wp\/v2\/users\/2"}],"replies":[{"embeddable":true,"href":"https:\/\/ucentral.org\/informativo\/index.php\/wp-json\/wp\/v2\/comments?post=2766"}],"version-history":[{"count":1,"href":"https:\/\/ucentral.org\/informativo\/index.php\/wp-json\/wp\/v2\/posts\/2766\/revisions"}],"predecessor-version":[{"id":2768,"href":"https:\/\/ucentral.org\/informativo\/index.php\/wp-json\/wp\/v2\/posts\/2766\/revisions\/2768"}],"wp:featuredmedia":[{"embeddable":true,"href":"https:\/\/ucentral.org\/informativo\/index.php\/wp-json\/wp\/v2\/media\/2767"}],"wp:attachment":[{"href":"https:\/\/ucentral.org\/informativo\/index.php\/wp-json\/wp\/v2\/media?parent=2766"}],"wp:term":[{"taxonomy":"category","embeddable":true,"href":"https:\/\/ucentral.org\/informativo\/index.php\/wp-json\/wp\/v2\/categories?post=2766"},{"taxonomy":"post_tag","embeddable":true,"href":"https:\/\/ucentral.org\/informativo\/index.php\/wp-json\/wp\/v2\/tags?post=2766"}],"curies":[{"name":"wp","href":"https:\/\/api.w.org\/{rel}","templated":true}]}}