{"id":2774,"date":"2025-11-24T23:59:08","date_gmt":"2025-11-25T04:59:08","guid":{"rendered":"https:\/\/ucentral.org\/informativo\/?p=2774"},"modified":"2025-11-24T23:59:08","modified_gmt":"2025-11-25T04:59:08","slug":"nivelacionfc2526","status":"publish","type":"post","link":"https:\/\/ucentral.org\/informativo\/index.php\/2025\/11\/24\/nivelacionfc2526\/","title":{"rendered":"\u00a1Inici\u00f3 el curso de nivelaci\u00f3n en la Facultad de Ciencias!"},"content":{"rendered":"\n<p><a><\/a>Con entusiasmo damos la bienvenida a los estudiantes que comienzan su formaci\u00f3n en las carreras de Matem\u00e1tica y la nueva carrera de Ciencia de Datos e Inteligencia Artificial en la Universidad Central del Ecuador.<\/p>\n\n\n\n<p>Dimos inicio al curso de nivelaci\u00f3n, una etapa clave para fortalecer las bases acad\u00e9micas y acompa\u00f1ar el ingreso a la vida universitaria.<\/p>\n\n\n\n<p>El Decano y Subdecano de la Facultad ofrecieron palabras de bienvenida, destacando el compromiso institucional con la excelencia y la innovaci\u00f3n.<\/p>\n\n\n\n<p>Felicitamos al Dr. Hern\u00e1n Aules, coordinador de nivelaci\u00f3n, y a todo el equipo docente por el excelente trabajo que vienen desarrollando en esta importante fase de preparaci\u00f3n.<\/p>\n\n\n\n<p>Auguramos \u00e9xitos a todos los estudiantes que hoy comienzan su camino acad\u00e9mico.<\/p>\n\n\n\n<p>\u00a1Bienvenidos a la Facultad de Ciencias!<\/p>\n","protected":false},"excerpt":{"rendered":"<p>Con entusiasmo damos la bienvenida a los estudiantes que comienzan su formaci\u00f3n en las carreras de Matem\u00e1tica y la nueva carrera de Ciencia de Datos e Inteligencia Artificial en la Universidad Central del Ecuador. Dimos inicio al curso de nivelaci\u00f3n, una etapa clave para fortalecer las bases acad\u00e9micas y acompa\u00f1ar el ingreso a la vida [&hellip;]<\/p>\n","protected":false},"author":2,"featured_media":2775,"comment_status":"closed","ping_status":"closed","sticky":false,"template":"","format":"standard","meta":{"footnotes":""},"categories":[164,191,6],"tags":[149,192],"class_list":["post-2774","post","type-post","status-publish","format-standard","has-post-thumbnail","hentry","category-eventos","category-nivelacion","category-noticias","tag-facultad-de-ciencias","tag-nivelacion"],"_links":{"self":[{"href":"https:\/\/ucentral.org\/informativo\/index.php\/wp-json\/wp\/v2\/posts\/2774","targetHints":{"allow":["GET"]}}],"collection":[{"href":"https:\/\/ucentral.org\/informativo\/index.php\/wp-json\/wp\/v2\/posts"}],"about":[{"href":"https:\/\/ucentral.org\/informativo\/index.php\/wp-json\/wp\/v2\/types\/post"}],"author":[{"embeddable":true,"href":"https:\/\/ucentral.org\/informativo\/index.php\/wp-json\/wp\/v2\/users\/2"}],"replies":[{"embeddable":true,"href":"https:\/\/ucentral.org\/informativo\/index.php\/wp-json\/wp\/v2\/comments?post=2774"}],"version-history":[{"count":1,"href":"https:\/\/ucentral.org\/informativo\/index.php\/wp-json\/wp\/v2\/posts\/2774\/revisions"}],"predecessor-version":[{"id":2776,"href":"https:\/\/ucentral.org\/informativo\/index.php\/wp-json\/wp\/v2\/posts\/2774\/revisions\/2776"}],"wp:featuredmedia":[{"embeddable":true,"href":"https:\/\/ucentral.org\/informativo\/index.php\/wp-json\/wp\/v2\/media\/2775"}],"wp:attachment":[{"href":"https:\/\/ucentral.org\/informativo\/index.php\/wp-json\/wp\/v2\/media?parent=2774"}],"wp:term":[{"taxonomy":"category","embeddable":true,"href":"https:\/\/ucentral.org\/informativo\/index.php\/wp-json\/wp\/v2\/categories?post=2774"},{"taxonomy":"post_tag","embeddable":true,"href":"https:\/\/ucentral.org\/informativo\/index.php\/wp-json\/wp\/v2\/tags?post=2774"}],"curies":[{"name":"wp","href":"https:\/\/api.w.org\/{rel}","templated":true}]}}