{"id":318,"date":"2020-06-17T12:20:56","date_gmt":"2020-06-17T17:20:56","guid":{"rendered":"https:\/\/ucentral.org\/informativo\/?p=318"},"modified":"2020-06-17T17:48:48","modified_gmt":"2020-06-17T22:48:48","slug":"coordinador-de-educacion-a-distancia","status":"publish","type":"post","link":"https:\/\/ucentral.org\/informativo\/index.php\/2020\/06\/17\/coordinador-de-educacion-a-distancia\/","title":{"rendered":"Coordinador de Educaci\u00f3n a Distancia"},"content":{"rendered":"\n<p>Se requiere un profesional con experiencia en planificaci\u00f3n acad\u00e9mica, manejo de Moodle y otras herramientas para soporte a la educaci\u00f3n a trav\u00e9s de plataformas virtuales.<\/p>\n\n\n\n<p>Interesados enviar hoja de vida al email: <a href=\"mailto:congresoscientificosecuador@gmail.com\" target=\"_blank\" rel=\"noreferrer noopener\">congresoscientificosecuador@gmail.com<\/a><\/p>\n","protected":false},"excerpt":{"rendered":"<p>Se requiere un profesional con experiencia en planificaci\u00f3n acad\u00e9mica, manejo de Moodle y otras herramientas para soporte a la educaci\u00f3n a trav\u00e9s de plataformas virtuales. Interesados enviar hoja de vida al email: congresoscientificosecuador@gmail.com<\/p>\n","protected":false},"author":2,"featured_media":0,"comment_status":"closed","ping_status":"closed","sticky":false,"template":"","format":"standard","meta":{"footnotes":""},"categories":[57,6],"tags":[59,61,60,58],"class_list":["post-318","post","type-post","status-publish","format-standard","hentry","category-bolsaempleo","category-noticias","tag-coordiandor","tag-distancia","tag-educacion","tag-empleo"],"_links":{"self":[{"href":"https:\/\/ucentral.org\/informativo\/index.php\/wp-json\/wp\/v2\/posts\/318","targetHints":{"allow":["GET"]}}],"collection":[{"href":"https:\/\/ucentral.org\/informativo\/index.php\/wp-json\/wp\/v2\/posts"}],"about":[{"href":"https:\/\/ucentral.org\/informativo\/index.php\/wp-json\/wp\/v2\/types\/post"}],"author":[{"embeddable":true,"href":"https:\/\/ucentral.org\/informativo\/index.php\/wp-json\/wp\/v2\/users\/2"}],"replies":[{"embeddable":true,"href":"https:\/\/ucentral.org\/informativo\/index.php\/wp-json\/wp\/v2\/comments?post=318"}],"version-history":[{"count":1,"href":"https:\/\/ucentral.org\/informativo\/index.php\/wp-json\/wp\/v2\/posts\/318\/revisions"}],"predecessor-version":[{"id":320,"href":"https:\/\/ucentral.org\/informativo\/index.php\/wp-json\/wp\/v2\/posts\/318\/revisions\/320"}],"wp:attachment":[{"href":"https:\/\/ucentral.org\/informativo\/index.php\/wp-json\/wp\/v2\/media?parent=318"}],"wp:term":[{"taxonomy":"category","embeddable":true,"href":"https:\/\/ucentral.org\/informativo\/index.php\/wp-json\/wp\/v2\/categories?post=318"},{"taxonomy":"post_tag","embeddable":true,"href":"https:\/\/ucentral.org\/informativo\/index.php\/wp-json\/wp\/v2\/tags?post=318"}],"curies":[{"name":"wp","href":"https:\/\/api.w.org\/{rel}","templated":true}]}}