{"id":348,"date":"2020-06-26T12:20:42","date_gmt":"2020-06-26T17:20:42","guid":{"rendered":"https:\/\/ucentral.org\/informativo\/?p=348"},"modified":"2020-06-26T12:20:44","modified_gmt":"2020-06-26T17:20:44","slug":"v-seminario-virtual-de-e-learning-para-profesores-universitarios","status":"publish","type":"post","link":"https:\/\/ucentral.org\/informativo\/index.php\/2020\/06\/26\/v-seminario-virtual-de-e-learning-para-profesores-universitarios\/","title":{"rendered":"V Seminario virtual de e-learning para profesores universitarios"},"content":{"rendered":"\n<p>La Universidad Cat\u00f3lica de \u00c1vila (Espa\u00f1a) tiene una larga experiencia en e-learning. En estos tiempos de crisis econ\u00f3mica y sanitaria queremos poner estos conocimientos al alcance de quienes los necesiten, especialmente de universidades amigas. Por ello, durante la pr\u00f3xima semana del 29 de junio&nbsp;<strong>impartiremos el \u00abV Seminario&nbsp;virtual&nbsp;de e-learning para profesores universitarios\u00bb de manera totalmente gratuita<\/strong>. El objetivo de este&nbsp;seminario&nbsp;es sintetizar las claves de la educaci\u00f3n&nbsp;virtual&nbsp;y las pautas para enfocar adecuadamente un curso con esta metodolog\u00eda.<\/p>\n\n\n\n<p>El&nbsp;seminario&nbsp;se articula a trav\u00e9s de 5 charlas de&nbsp;<strong>1h de duraci\u00f3n<\/strong>&nbsp;cada una (45 min de exposici\u00f3n y 15 min de preguntas), que se impartir\u00e1n los d\u00edas&nbsp;<strong>29 y 30 de junio y 1, 2 y 3 de julio.&nbsp;<\/strong>Para facilitar la asistencia, cada d\u00eda se celebrar\u00e1 la misma conferencia en dos horas diferentes, el&nbsp;<strong>Grupo A, a las 5 pm Espa\u00f1a (10 am Ecuador) y, el Grupo B, a las 6,30 pm Espa\u00f1a (11,30 am Ecuador)<\/strong>. Aquellas personas que quieran participar en el seminario tendr\u00e1n que hacerlo en un Grupo concreto (A o B).<\/p>\n\n\n\n<p>Este es el programa de charlas que compone el seminario (tambi\u00e9n lo adjunto en un archivo):&nbsp;<\/p>\n\n\n\n<p>1\u00ba Sesi\u00f3n: La transformaci\u00f3n de la ense\u00f1anza en ambientes&nbsp;virtuales&nbsp;de aprendizaje.&nbsp;<\/p>\n\n\n\n<p>Ponente: Dr. Jos\u00e9 Antonio Calvo.&nbsp;<\/p>\n\n\n\n<p>Lunes, 29 de junio, a las 5 pm Espa\u00f1a o a las 6,30 pm Espa\u00f1a<\/p>\n\n\n\n<p>2\u00ba Sesi\u00f3n: Estrategias para la ense\u00f1anza&nbsp;virtual&nbsp;de ciencia y tecnolog\u00eda.<br>Ponente: Dr. Diego Vergara<\/p>\n\n\n\n<p>Martes, 30 de junio, a las 5 pm Espa\u00f1a o a las 6,30 pm Espa\u00f1a<\/p>\n\n\n\n<p>3\u00aa Sesi\u00f3n: Estrategias para el dise\u00f1o y desarrollo de la metodolog\u00eda de clase invertida.<\/p>\n\n\n\n<p>Ponente: Dr. Javier Jorge<br>Mi\u00e9rcoles, 1 de julio, a las 5 pm Espa\u00f1a o a las 6,30 pm Espa\u00f1a<\/p>\n\n\n\n<p>4\u00ba Sesi\u00f3n: Estrategias para la ense\u00f1anza&nbsp;virtual&nbsp;de las ciencias sociales.<\/p>\n\n\n\n<p>Ponente:&nbsp;Dr. Sergio N\u00e1\u00f1ez<\/p>\n\n\n\n<p>Jueves, 2 de julio, a las 5 pm Espa\u00f1a o a las 6,30 pm Espa\u00f1a<\/p>\n\n\n\n<p>5\u00aa Sesi\u00f3n: Evaluaci\u00f3n en ambientes de formaci\u00f3n apoyados con TIC.<br>Ponente: Dra. Eva Ord\u00f3\u00f1ez<br>Viernes, 3 de julio, a las 5 pm Espa\u00f1a o a las 6,30 pm Espa\u00f1a<\/p>\n\n\n\n<p>Aquellas personas interesadas pueden participar en las charlas que quieran y, si asisten a 4 de las 5 sesiones, podr\u00e1n solicitar un&nbsp;<strong>certificado virtual de asistencia<\/strong>&nbsp;emitido por la Universidad Cat\u00f3lica de \u00c1vila. Para inscribirse sencillamente hay que completar un formulario y la persona interesada recibir\u00e1 instrucciones para poder asistir al&nbsp;seminario:&nbsp;<a href=\"https:\/\/www.ucavila.es\/seminario-virtual-e-learning-profesores\/\" target=\"_blank\" rel=\"noreferrer noopener\">https:\/\/www.ucavila.es\/seminario-virtual-e-learning-profesores\/<\/a>&nbsp;<\/p>\n\n\n\n<p><\/p>\n","protected":false},"excerpt":{"rendered":"<p>La Universidad Cat\u00f3lica de \u00c1vila (Espa\u00f1a) tiene una larga experiencia en e-learning. En estos tiempos de crisis econ\u00f3mica y sanitaria queremos poner estos conocimientos al alcance de quienes los necesiten, especialmente de universidades amigas. Por ello, durante la pr\u00f3xima semana del 29 de junio&nbsp;impartiremos el \u00abV Seminario&nbsp;virtual&nbsp;de e-learning para profesores universitarios\u00bb de manera totalmente gratuita. [&hellip;]<\/p>\n","protected":false},"author":2,"featured_media":349,"comment_status":"closed","ping_status":"closed","sticky":false,"template":"","format":"standard","meta":{"footnotes":""},"categories":[13,6],"tags":[67,26,64,69,65,63,68,66,62],"class_list":["post-348","post","type-post","status-publish","format-standard","has-post-thumbnail","hentry","category-cursos-seminarios","category-noticias","tag-avila","tag-curso","tag-elearning","tag-espana","tag-profesores","tag-seminario","tag-ucav","tag-universitarios","tag-virtual"],"_links":{"self":[{"href":"https:\/\/ucentral.org\/informativo\/index.php\/wp-json\/wp\/v2\/posts\/348","targetHints":{"allow":["GET"]}}],"collection":[{"href":"https:\/\/ucentral.org\/informativo\/index.php\/wp-json\/wp\/v2\/posts"}],"about":[{"href":"https:\/\/ucentral.org\/informativo\/index.php\/wp-json\/wp\/v2\/types\/post"}],"author":[{"embeddable":true,"href":"https:\/\/ucentral.org\/informativo\/index.php\/wp-json\/wp\/v2\/users\/2"}],"replies":[{"embeddable":true,"href":"https:\/\/ucentral.org\/informativo\/index.php\/wp-json\/wp\/v2\/comments?post=348"}],"version-history":[{"count":1,"href":"https:\/\/ucentral.org\/informativo\/index.php\/wp-json\/wp\/v2\/posts\/348\/revisions"}],"predecessor-version":[{"id":350,"href":"https:\/\/ucentral.org\/informativo\/index.php\/wp-json\/wp\/v2\/posts\/348\/revisions\/350"}],"wp:featuredmedia":[{"embeddable":true,"href":"https:\/\/ucentral.org\/informativo\/index.php\/wp-json\/wp\/v2\/media\/349"}],"wp:attachment":[{"href":"https:\/\/ucentral.org\/informativo\/index.php\/wp-json\/wp\/v2\/media?parent=348"}],"wp:term":[{"taxonomy":"category","embeddable":true,"href":"https:\/\/ucentral.org\/informativo\/index.php\/wp-json\/wp\/v2\/categories?post=348"},{"taxonomy":"post_tag","embeddable":true,"href":"https:\/\/ucentral.org\/informativo\/index.php\/wp-json\/wp\/v2\/tags?post=348"}],"curies":[{"name":"wp","href":"https:\/\/api.w.org\/{rel}","templated":true}]}}