{"id":369,"date":"2020-07-02T17:18:43","date_gmt":"2020-07-02T22:18:43","guid":{"rendered":"https:\/\/ucentral.org\/informativo\/?p=369"},"modified":"2020-07-02T17:18:44","modified_gmt":"2020-07-02T22:18:44","slug":"xvii-foro-internacional-sobre-la-evaluacion-de-la-calidad-de-la-investigacion-y-de-la-educacion-superior-fecies","status":"publish","type":"post","link":"https:\/\/ucentral.org\/informativo\/index.php\/2020\/07\/02\/xvii-foro-internacional-sobre-la-evaluacion-de-la-calidad-de-la-investigacion-y-de-la-educacion-superior-fecies\/","title":{"rendered":"XVII FORO INTERNACIONAL sobre la EVALUACI\u00d3N de la CALIDAD de la INVESTIGACI\u00d3N y de la EDUCACI\u00d3N SUPERIOR (FECIES)"},"content":{"rendered":"\n<p>XVII FORO INTERNACIONAL sobre la EVALUACI\u00d3N de la CALIDAD de la INVESTIGACI\u00d3N y de la EDUCACI\u00d3N SUPERIOR (FECIES)<br>\u200bCarmona (Sevilla), Espa\u00f1a, 25-27 de noviembre 2020<\/p>\n\n\n\n<h1 class=\"wp-block-heading\"><strong>Objetivos<\/strong><\/h1>\n\n\n\n<p>El Foro pretende cubrir una oferta de formaci\u00f3n especializada seg\u00fan los siguientes objetivos:<\/p>\n\n\n\n<ul class=\"wp-block-list\"><li>Conocer la nueva organizaci\u00f3n de las ense\u00f1anzas universitarias.<\/li><li>Analizar y debatir sobre la selecci\u00f3n del profesorado contratado y funcionario.<\/li><li>Conocer y debatir sobre la situaci\u00f3n del doctorado en Espa\u00f1a y la Uni\u00f3n Europea.<\/li><li>Puesta al d\u00eda de la situaci\u00f3n actual del proceso de Convergencia Europea en Espa\u00f1a y la Uni\u00f3n Europea.<\/li><li>Conocer los distintos planes que tienen las universidades espa\u00f1olas para potenciar la investigaci\u00f3n, la calidad y la Convergencia Europea.<\/li><li>Conocer las distintas herramientas para evaluar la calidad de la investigaci\u00f3n cient\u00edfica.<\/li><\/ul>\n\n\n\n<p><a href=\"https:\/\/www.fecies17.com\/presentacion-de-trabajos\">https:\/\/www.fecies17.com\/presentacion-de-trabajos<\/a><\/p>\n","protected":false},"excerpt":{"rendered":"<p>XVII FORO INTERNACIONAL sobre la EVALUACI\u00d3N de la CALIDAD de la INVESTIGACI\u00d3N y de la EDUCACI\u00d3N SUPERIOR (FECIES)\u200bCarmona (Sevilla), Espa\u00f1a, 25-27 de noviembre 2020 Objetivos El Foro pretende cubrir una oferta de formaci\u00f3n especializada seg\u00fan los siguientes objetivos: Conocer la nueva organizaci\u00f3n de las ense\u00f1anzas universitarias. Analizar y debatir sobre la selecci\u00f3n del profesorado contratado [&hellip;]<\/p>\n","protected":false},"author":2,"featured_media":370,"comment_status":"closed","ping_status":"closed","sticky":false,"template":"","format":"standard","meta":{"footnotes":""},"categories":[13,41,6],"tags":[86,60,69,85,88,84,77,87],"class_list":["post-369","post","type-post","status-publish","format-standard","has-post-thumbnail","hentry","category-cursos-seminarios","category-investigacion","category-noticias","tag-calidad","tag-educacion","tag-espana","tag-evaluacion","tag-fecies","tag-foro","tag-investigacion","tag-superior"],"_links":{"self":[{"href":"https:\/\/ucentral.org\/informativo\/index.php\/wp-json\/wp\/v2\/posts\/369","targetHints":{"allow":["GET"]}}],"collection":[{"href":"https:\/\/ucentral.org\/informativo\/index.php\/wp-json\/wp\/v2\/posts"}],"about":[{"href":"https:\/\/ucentral.org\/informativo\/index.php\/wp-json\/wp\/v2\/types\/post"}],"author":[{"embeddable":true,"href":"https:\/\/ucentral.org\/informativo\/index.php\/wp-json\/wp\/v2\/users\/2"}],"replies":[{"embeddable":true,"href":"https:\/\/ucentral.org\/informativo\/index.php\/wp-json\/wp\/v2\/comments?post=369"}],"version-history":[{"count":1,"href":"https:\/\/ucentral.org\/informativo\/index.php\/wp-json\/wp\/v2\/posts\/369\/revisions"}],"predecessor-version":[{"id":371,"href":"https:\/\/ucentral.org\/informativo\/index.php\/wp-json\/wp\/v2\/posts\/369\/revisions\/371"}],"wp:featuredmedia":[{"embeddable":true,"href":"https:\/\/ucentral.org\/informativo\/index.php\/wp-json\/wp\/v2\/media\/370"}],"wp:attachment":[{"href":"https:\/\/ucentral.org\/informativo\/index.php\/wp-json\/wp\/v2\/media?parent=369"}],"wp:term":[{"taxonomy":"category","embeddable":true,"href":"https:\/\/ucentral.org\/informativo\/index.php\/wp-json\/wp\/v2\/categories?post=369"},{"taxonomy":"post_tag","embeddable":true,"href":"https:\/\/ucentral.org\/informativo\/index.php\/wp-json\/wp\/v2\/tags?post=369"}],"curies":[{"name":"wp","href":"https:\/\/api.w.org\/{rel}","templated":true}]}}