{"id":4706,"date":"2026-01-23T17:34:49","date_gmt":"2026-01-23T22:34:49","guid":{"rendered":"https:\/\/ucentral.org\/informativo\/?p=4706"},"modified":"2026-01-23T17:34:50","modified_gmt":"2026-01-23T22:34:50","slug":"msphgdc","status":"publish","type":"post","link":"https:\/\/ucentral.org\/informativo\/index.php\/2026\/01\/23\/msphgdc\/","title":{"rendered":"Facultad de Ciencias de la UCE y el Hospital General Docente de Calder\u00f3n"},"content":{"rendered":"\n<p>La <strong>Facultad de Ciencias de la Universidad Central del Ecuador y el Hospital General Docente de Calder\u00f3n<\/strong> han firmado un convenio de cooperaci\u00f3n interinstitucional que beneficiar\u00e1 a estudiantes, docentes, al desarrollo e investigaci\u00f3n en salud y a la comunidad en general. Esta alianza permitir\u00e1 desarrollar programas acad\u00e9micos, proyectos de investigaci\u00f3n, pr\u00e1cticas preprofesionales y actividades de vinculaci\u00f3n con la sociedad, aprovechando al m\u00e1ximo el talento humano y los recursos de ambas instituciones.<\/p>\n\n\n\n<p>El convenio, busca fortalecer la formaci\u00f3n profesional, la investigaci\u00f3n cient\u00edfica y la atenci\u00f3n m\u00e9dica de calidad, promoviendo el desarrollo sostenible y el bienestar social en Quito y el pa\u00eds. <\/p>\n\n\n\n<p class=\"has-text-align-center has-vivid-cyan-blue-color has-text-color has-link-color has-large-font-size wp-elements-3fa60f589fdeab33925356155d5fd51c\">\u00a1Juntos, avanzamos hacia una educaci\u00f3n <br>y salud de excelencia!<\/p>\n\n\n\n<p><em>#UCE #FacultadDeCiencias #HGDC #Convenio #Educaci\u00f3n #Salud #Quito<\/em><\/p>\n\n\n\n<p><\/p>\n","protected":false},"excerpt":{"rendered":"<p>La Facultad de Ciencias de la Universidad Central del Ecuador y el Hospital General Docente de Calder\u00f3n han firmado un convenio de cooperaci\u00f3n interinstitucional que beneficiar\u00e1 a estudiantes, docentes, al desarrollo e investigaci\u00f3n en salud y a la comunidad en general. Esta alianza permitir\u00e1 desarrollar programas acad\u00e9micos, proyectos de investigaci\u00f3n, pr\u00e1cticas preprofesionales y actividades de [&hellip;]<\/p>\n","protected":false},"author":2,"featured_media":4707,"comment_status":"closed","ping_status":"closed","sticky":false,"template":"","format":"standard","meta":{"footnotes":""},"categories":[181,6],"tags":[],"class_list":["post-4706","post","type-post","status-publish","format-standard","has-post-thumbnail","hentry","category-convenios","category-noticias"],"_links":{"self":[{"href":"https:\/\/ucentral.org\/informativo\/index.php\/wp-json\/wp\/v2\/posts\/4706","targetHints":{"allow":["GET"]}}],"collection":[{"href":"https:\/\/ucentral.org\/informativo\/index.php\/wp-json\/wp\/v2\/posts"}],"about":[{"href":"https:\/\/ucentral.org\/informativo\/index.php\/wp-json\/wp\/v2\/types\/post"}],"author":[{"embeddable":true,"href":"https:\/\/ucentral.org\/informativo\/index.php\/wp-json\/wp\/v2\/users\/2"}],"replies":[{"embeddable":true,"href":"https:\/\/ucentral.org\/informativo\/index.php\/wp-json\/wp\/v2\/comments?post=4706"}],"version-history":[{"count":1,"href":"https:\/\/ucentral.org\/informativo\/index.php\/wp-json\/wp\/v2\/posts\/4706\/revisions"}],"predecessor-version":[{"id":4708,"href":"https:\/\/ucentral.org\/informativo\/index.php\/wp-json\/wp\/v2\/posts\/4706\/revisions\/4708"}],"wp:featuredmedia":[{"embeddable":true,"href":"https:\/\/ucentral.org\/informativo\/index.php\/wp-json\/wp\/v2\/media\/4707"}],"wp:attachment":[{"href":"https:\/\/ucentral.org\/informativo\/index.php\/wp-json\/wp\/v2\/media?parent=4706"}],"wp:term":[{"taxonomy":"category","embeddable":true,"href":"https:\/\/ucentral.org\/informativo\/index.php\/wp-json\/wp\/v2\/categories?post=4706"},{"taxonomy":"post_tag","embeddable":true,"href":"https:\/\/ucentral.org\/informativo\/index.php\/wp-json\/wp\/v2\/tags?post=4706"}],"curies":[{"name":"wp","href":"https:\/\/api.w.org\/{rel}","templated":true}]}}