{"id":5274,"date":"2026-01-28T08:48:02","date_gmt":"2026-01-28T13:48:02","guid":{"rendered":"https:\/\/ucentral.org\/informativo\/?p=5274"},"modified":"2026-01-28T08:48:03","modified_gmt":"2026-01-28T13:48:03","slug":"fisicaccion2526","status":"publish","type":"post","link":"https:\/\/ucentral.org\/informativo\/index.php\/2026\/01\/28\/fisicaccion2526\/","title":{"rendered":"Casa abierta &#8220;F\u00edsica en Acci\u00f3n&#8221;"},"content":{"rendered":"\n<p>\u00a1La F\u00edsica se pone en acci\u00f3n y t\u00fa eres parte de la experiencia!<br>La Facultad de Ciencias de la Universidad Central del Ecuador te invita a vivir la ciencia como nunca antes en nuestra Casa Abierta: \u201cF\u00edsica en Acci\u00f3n\u201d. Ven y descubre c\u00f3mo la f\u00edsica cobra vida a trav\u00e9s de experimentos sorprendentes, tecnolog\u00eda en movimiento y aprendizaje interactivo.<br>\ud83d\udccd Lugar: Hall del Teatro Universitario<br>\ud83d\udcc5 Fecha: Viernes 30 de enero<br>\u23f0 Hora: De 09h00 a 12h00<br>\u00a1No te lo pierdas!<br>Trae tu curiosidad, tu energ\u00eda y tus ganas de aprender.<br>\ud83d\udca5 \u00a1La ciencia te espera!<\/p>\n","protected":false},"excerpt":{"rendered":"<p>\u00a1La F\u00edsica se pone en acci\u00f3n y t\u00fa eres parte de la experiencia!La Facultad de Ciencias de la Universidad Central del Ecuador te invita a vivir la ciencia como nunca antes en nuestra Casa Abierta: \u201cF\u00edsica en Acci\u00f3n\u201d. Ven y descubre c\u00f3mo la f\u00edsica cobra vida a trav\u00e9s de experimentos sorprendentes, tecnolog\u00eda en movimiento y [&hellip;]<\/p>\n","protected":false},"author":2,"featured_media":5275,"comment_status":"closed","ping_status":"closed","sticky":false,"template":"","format":"standard","meta":{"footnotes":""},"categories":[112,164,6,384],"tags":[],"class_list":["post-5274","post","type-post","status-publish","format-standard","has-post-thumbnail","hentry","category-ciencia-central","category-eventos","category-noticias","category-ucetech"],"_links":{"self":[{"href":"https:\/\/ucentral.org\/informativo\/index.php\/wp-json\/wp\/v2\/posts\/5274","targetHints":{"allow":["GET"]}}],"collection":[{"href":"https:\/\/ucentral.org\/informativo\/index.php\/wp-json\/wp\/v2\/posts"}],"about":[{"href":"https:\/\/ucentral.org\/informativo\/index.php\/wp-json\/wp\/v2\/types\/post"}],"author":[{"embeddable":true,"href":"https:\/\/ucentral.org\/informativo\/index.php\/wp-json\/wp\/v2\/users\/2"}],"replies":[{"embeddable":true,"href":"https:\/\/ucentral.org\/informativo\/index.php\/wp-json\/wp\/v2\/comments?post=5274"}],"version-history":[{"count":1,"href":"https:\/\/ucentral.org\/informativo\/index.php\/wp-json\/wp\/v2\/posts\/5274\/revisions"}],"predecessor-version":[{"id":5276,"href":"https:\/\/ucentral.org\/informativo\/index.php\/wp-json\/wp\/v2\/posts\/5274\/revisions\/5276"}],"wp:featuredmedia":[{"embeddable":true,"href":"https:\/\/ucentral.org\/informativo\/index.php\/wp-json\/wp\/v2\/media\/5275"}],"wp:attachment":[{"href":"https:\/\/ucentral.org\/informativo\/index.php\/wp-json\/wp\/v2\/media?parent=5274"}],"wp:term":[{"taxonomy":"category","embeddable":true,"href":"https:\/\/ucentral.org\/informativo\/index.php\/wp-json\/wp\/v2\/categories?post=5274"},{"taxonomy":"post_tag","embeddable":true,"href":"https:\/\/ucentral.org\/informativo\/index.php\/wp-json\/wp\/v2\/tags?post=5274"}],"curies":[{"name":"wp","href":"https:\/\/api.w.org\/{rel}","templated":true}]}}