{"id":5289,"date":"2026-01-29T08:52:04","date_gmt":"2026-01-29T13:52:04","guid":{"rendered":"https:\/\/ucentral.org\/informativo\/?p=5289"},"modified":"2026-01-29T08:52:05","modified_gmt":"2026-01-29T13:52:05","slug":"unicef1","status":"publish","type":"post","link":"https:\/\/ucentral.org\/informativo\/index.php\/2026\/01\/29\/unicef1\/","title":{"rendered":"Reuni\u00f3n entre el Vicerrectorado Acad\u00e9mico y de Posgrados de la UCE y UNICEF para delinear acuerdo de cooperaci\u00f3n"},"content":{"rendered":"\n<p>Este 28 de enero de 2026, en las instalaciones del Vicerrectorado Acad\u00e9mico y de Posgrados de la Universidad Central del Ecuador, se llev\u00f3 a cabo la primera reuni\u00f3n de trabajo con representantes de UNICEF, con el objetivo de delinear un acuerdo de cooperaci\u00f3n interinstitucional orientado al cuidado del medio ambiente, al desarrollo sostenible, al fortalecimiento acad\u00e9mico, investigativo y social.<br>La jornada cont\u00f3 con la participaci\u00f3n de autoridades universitarias, quienes aportaron desde sus respectivas \u00e1reas al dise\u00f1o de una propuesta conjunta que promueva la vinculaci\u00f3n de la UCE con iniciativas de impacto nacional e internacional. <\/p>\n\n\n\n<p>Entre los asistentes estuvieron:<\/p>\n\n\n\n<ul class=\"wp-block-list\">\n<li>Dra. Julieta Logro\u00f1o, Vicerrectora Acad\u00e9mica y de Posgrados<\/li>\n\n\n\n<li>Geovanna Reinoso, Oficial West -Cambio Clim\u00e1tico<\/li>\n\n\n\n<li>Ph.D. Silvia Garc\u00eda, Coordinadora de la Comisi\u00f3n de Sostenibilidad y Medio Ambiente <\/li>\n\n\n\n<li>Franz Del Pozo, Decano de la Facultad de Ciencias<\/li>\n\n\n\n<li>Dr. Edgar Isch, Director de la DGA<\/li>\n\n\n\n<li>Julio Lara, T\u00e9cnico de la DGA<\/li>\n\n\n\n<li>Germania Borja, Docente de la Facultad de Filosof\u00eda<\/li>\n<\/ul>\n\n\n\n<p>Una colaboraci\u00f3n estrat\u00e9gica que busca articular esfuerzos en favor de la ni\u00f1ez, adolescencia, educaci\u00f3n superior, la innovaci\u00f3n, medio ambiente y el desarrollo sostenible.<\/p>\n\n\n\n<p><\/p>\n","protected":false},"excerpt":{"rendered":"<p>Este 28 de enero de 2026, en las instalaciones del Vicerrectorado Acad\u00e9mico y de Posgrados de la Universidad Central del Ecuador, se llev\u00f3 a cabo la primera reuni\u00f3n de trabajo con representantes de UNICEF, con el objetivo de delinear un acuerdo de cooperaci\u00f3n interinstitucional orientado al cuidado del medio ambiente, al desarrollo sostenible, al fortalecimiento [&hellip;]<\/p>\n","protected":false},"author":2,"featured_media":5290,"comment_status":"closed","ping_status":"closed","sticky":false,"template":"","format":"standard","meta":{"footnotes":""},"categories":[181,6],"tags":[],"class_list":["post-5289","post","type-post","status-publish","format-standard","has-post-thumbnail","hentry","category-convenios","category-noticias"],"_links":{"self":[{"href":"https:\/\/ucentral.org\/informativo\/index.php\/wp-json\/wp\/v2\/posts\/5289","targetHints":{"allow":["GET"]}}],"collection":[{"href":"https:\/\/ucentral.org\/informativo\/index.php\/wp-json\/wp\/v2\/posts"}],"about":[{"href":"https:\/\/ucentral.org\/informativo\/index.php\/wp-json\/wp\/v2\/types\/post"}],"author":[{"embeddable":true,"href":"https:\/\/ucentral.org\/informativo\/index.php\/wp-json\/wp\/v2\/users\/2"}],"replies":[{"embeddable":true,"href":"https:\/\/ucentral.org\/informativo\/index.php\/wp-json\/wp\/v2\/comments?post=5289"}],"version-history":[{"count":1,"href":"https:\/\/ucentral.org\/informativo\/index.php\/wp-json\/wp\/v2\/posts\/5289\/revisions"}],"predecessor-version":[{"id":5291,"href":"https:\/\/ucentral.org\/informativo\/index.php\/wp-json\/wp\/v2\/posts\/5289\/revisions\/5291"}],"wp:featuredmedia":[{"embeddable":true,"href":"https:\/\/ucentral.org\/informativo\/index.php\/wp-json\/wp\/v2\/media\/5290"}],"wp:attachment":[{"href":"https:\/\/ucentral.org\/informativo\/index.php\/wp-json\/wp\/v2\/media?parent=5289"}],"wp:term":[{"taxonomy":"category","embeddable":true,"href":"https:\/\/ucentral.org\/informativo\/index.php\/wp-json\/wp\/v2\/categories?post=5289"},{"taxonomy":"post_tag","embeddable":true,"href":"https:\/\/ucentral.org\/informativo\/index.php\/wp-json\/wp\/v2\/tags?post=5289"}],"curies":[{"name":"wp","href":"https:\/\/api.w.org\/{rel}","templated":true}]}}