{"id":5356,"date":"2026-01-30T13:21:58","date_gmt":"2026-01-30T18:21:58","guid":{"rendered":"https:\/\/ucentral.org\/informativo\/?p=5356"},"modified":"2026-01-30T13:21:58","modified_gmt":"2026-01-30T18:21:58","slug":"fisicaccion2526b","status":"publish","type":"post","link":"https:\/\/ucentral.org\/informativo\/index.php\/2026\/01\/30\/fisicaccion2526b\/","title":{"rendered":"Gran asistencia a la Casa Abierta \u201cF\u00edsica en Acci\u00f3n\u201d de la Facultad de Ciencias"},"content":{"rendered":"\n<p>Con entusiasmo, creatividad y rigor cient\u00edfico, la <strong>Facultad de Ciencias de la Universidad Central del Ecuador<\/strong> celebr\u00f3 su <strong>Casa Abierta \u201cF\u00edsica en Acci\u00f3n\u201d<\/strong>, un evento que transform\u00f3 el Hall del Teatro Universitario en un espacio de aprendizaje interactivo y divulgaci\u00f3n cient\u00edfica.<\/p>\n\n\n\n<p>Desde las 09h00 hasta el mediod\u00eda, estudiantes, docentes, autoridades y p\u00fablico en general recorrieron una muestra de proyectos did\u00e1cticos, donde la f\u00edsica cobr\u00f3 vida a trav\u00e9s de modelos funcionales, experimentos sorprendentes y tecnolog\u00eda en movimiento. Entre las propuestas destacadas se presentaron el <em>Sistema de frenado hidr\u00e1ulico accionado por motor el\u00e9ctrico<\/em>, el <em>Experimento de Hertz<\/em> sobre ondas electromagn\u00e9ticas, rob\u00f3tica y estructuras mec\u00e1nicas aplicadas a la comprensi\u00f3n de conceptos como energ\u00eda, fuerza y elasticidad.<\/p>\n\n\n\n<p>La jornada cont\u00f3 con la presencia de autoridades de la Facultad, docentes investigadores y estudiantes de diversas carreras y visitantes externos.<\/p>\n\n\n\n<p>El evento fue coordinado por la docente <strong>Elsa Arequipa<\/strong>, quien lider\u00f3 la organizaci\u00f3n y motiv\u00f3 a los estudiantes a mostrar lo mejor de sus capacidades. <\/p>\n\n\n\n<p>\u201cF\u00edsica en Acci\u00f3n\u201d es un compromiso de la Facultad de Ciencias con la formaci\u00f3n integral, la innovaci\u00f3n pedag\u00f3gica y la vinculaci\u00f3n con la comunidad universitaria. <\/p>\n\n\n\n<p class=\"has-text-align-center has-vivid-cyan-blue-color has-text-color has-link-color has-large-font-size wp-elements-3b0abbb964f2731bdeaad25acdf80605\"><strong>La ciencia no solo se estudia: <\/strong><br><strong>se vive, se experimenta y se comparte<\/strong><\/p>\n","protected":false},"excerpt":{"rendered":"<p>Con entusiasmo, creatividad y rigor cient\u00edfico, la Facultad de Ciencias de la Universidad Central del Ecuador celebr\u00f3 su Casa Abierta \u201cF\u00edsica en Acci\u00f3n\u201d, un evento que transform\u00f3 el Hall del Teatro Universitario en un espacio de aprendizaje interactivo y divulgaci\u00f3n cient\u00edfica. Desde las 09h00 hasta el mediod\u00eda, estudiantes, docentes, autoridades y p\u00fablico en general recorrieron [&hellip;]<\/p>\n","protected":false},"author":2,"featured_media":5357,"comment_status":"closed","ping_status":"closed","sticky":false,"template":"","format":"standard","meta":{"footnotes":""},"categories":[112,164,6,384],"tags":[421,194],"class_list":["post-5356","post","type-post","status-publish","format-standard","has-post-thumbnail","hentry","category-ciencia-central","category-eventos","category-noticias","category-ucetech","tag-feria","tag-fisica-2"],"_links":{"self":[{"href":"https:\/\/ucentral.org\/informativo\/index.php\/wp-json\/wp\/v2\/posts\/5356","targetHints":{"allow":["GET"]}}],"collection":[{"href":"https:\/\/ucentral.org\/informativo\/index.php\/wp-json\/wp\/v2\/posts"}],"about":[{"href":"https:\/\/ucentral.org\/informativo\/index.php\/wp-json\/wp\/v2\/types\/post"}],"author":[{"embeddable":true,"href":"https:\/\/ucentral.org\/informativo\/index.php\/wp-json\/wp\/v2\/users\/2"}],"replies":[{"embeddable":true,"href":"https:\/\/ucentral.org\/informativo\/index.php\/wp-json\/wp\/v2\/comments?post=5356"}],"version-history":[{"count":1,"href":"https:\/\/ucentral.org\/informativo\/index.php\/wp-json\/wp\/v2\/posts\/5356\/revisions"}],"predecessor-version":[{"id":5359,"href":"https:\/\/ucentral.org\/informativo\/index.php\/wp-json\/wp\/v2\/posts\/5356\/revisions\/5359"}],"wp:featuredmedia":[{"embeddable":true,"href":"https:\/\/ucentral.org\/informativo\/index.php\/wp-json\/wp\/v2\/media\/5357"}],"wp:attachment":[{"href":"https:\/\/ucentral.org\/informativo\/index.php\/wp-json\/wp\/v2\/media?parent=5356"}],"wp:term":[{"taxonomy":"category","embeddable":true,"href":"https:\/\/ucentral.org\/informativo\/index.php\/wp-json\/wp\/v2\/categories?post=5356"},{"taxonomy":"post_tag","embeddable":true,"href":"https:\/\/ucentral.org\/informativo\/index.php\/wp-json\/wp\/v2\/tags?post=5356"}],"curies":[{"name":"wp","href":"https:\/\/api.w.org\/{rel}","templated":true}]}}