{"id":615,"date":"2023-08-15T08:11:59","date_gmt":"2023-08-15T13:11:59","guid":{"rendered":"https:\/\/ucentral.org\/informativo\/?p=615"},"modified":"2023-08-15T08:12:01","modified_gmt":"2023-08-15T13:12:01","slug":"becas-doctorado-y-estancias-de-investigacion-en-alemania","status":"publish","type":"post","link":"https:\/\/ucentral.org\/informativo\/index.php\/2023\/08\/15\/becas-doctorado-y-estancias-de-investigacion-en-alemania\/","title":{"rendered":"Becas: Doctorado y Estancias de Investigaci\u00f3n en Alemania"},"content":{"rendered":"\n<p>Puedes hacer tu Doctorado completo o estancia de investigaci\u00f3n doctoral en Alemania, totalmente pago por el DAAD!!!<img loading=\"lazy\" decoding=\"async\" height=\"16\" width=\"16\" alt=\"\ud83d\udc99\" src=\"https:\/\/static.xx.fbcdn.net\/images\/emoji.php\/v9\/t6c\/1\/16\/1f499.png\"><img loading=\"lazy\" decoding=\"async\" height=\"16\" width=\"16\" alt=\"\ud83d\udcb0\" src=\"https:\/\/static.xx.fbcdn.net\/images\/emoji.php\/v9\/t5a\/1\/16\/1f4b0.png\"><img loading=\"lazy\" decoding=\"async\" height=\"16\" width=\"16\" alt=\"\ud83c\udde9\ud83c\uddea\" src=\"https:\/\/static.xx.fbcdn.net\/images\/emoji.php\/v9\/t16\/1\/16\/1f1e9_1f1ea.png\"><img loading=\"lazy\" decoding=\"async\" height=\"16\" width=\"16\" alt=\"\ud83d\udcaa\ud83c\udffd\" src=\"https:\/\/static.xx.fbcdn.net\/images\/emoji.php\/v9\/te9\/1\/16\/1f4aa_1f3fd.png\"> Participa en nuestra sesi\u00f3n virtual:<img loading=\"lazy\" decoding=\"async\" height=\"16\" width=\"16\" alt=\"\ud83d\uddd3\ufe0f\" src=\"https:\/\/static.xx.fbcdn.net\/images\/emoji.php\/v9\/t5c\/1\/16\/1f5d3.png\"> Jueves 17 de agosto, 4:00 p.m.<img loading=\"lazy\" decoding=\"async\" height=\"16\" width=\"16\" alt=\"\ud83d\udd17\" src=\"https:\/\/static.xx.fbcdn.net\/images\/emoji.php\/v9\/tb3\/1\/16\/1f517.png\"><img loading=\"lazy\" decoding=\"async\" height=\"16\" width=\"16\" alt=\"\ud83d\udc40\" src=\"https:\/\/static.xx.fbcdn.net\/images\/emoji.php\/v9\/tc8\/1\/16\/1f440.png\">Los enlaces de acceso a la plataforma WebEx est\u00e1n en:<a href=\"https:\/\/l.facebook.com\/l.php?u=https%3A%2F%2Fbit.ly%2FeventosDAAD%3Ffbclid%3DIwAR0jPWZmco3sUQsdHdOXU9kH6_ROVFmck-Pb0RFuIwGwl_nNPaTLXUVFZS8&amp;h=AT2sPchyu8sLXVOMN_blDXbn_dNe4qMk7s-Q59AUDOJNWP0wWfO0Xk0JfCWIhtjGFEOzRNsFDJ4qg8OuJ3abFQ4BUKrmsCeBNYm56dJ8Bj_NG_wJW_PoklDSqDM-NDPUwQ&amp;__tn__=-UK-R&amp;c[0]=AT0quft8y7Uil_TzkmFtSGsdYXMWL72QxsDQ8eaiNM9O_dgCiOG1b3oOJSGH-U72PVAi5qDpcD5dWJPrNhgptESSxr27MXhmNrfPwb1cDKyLZXA5aR8CGDivBBhMzZypIgeYxerPkwVQCUKUufOR6HRfJ9lKSDfArTXGqjTNVPE7iAtYWA\" rel=\"noreferrer noopener\" target=\"_blank\">https:\/\/bit.ly\/eventosDAAD<\/a><img loading=\"lazy\" decoding=\"async\" height=\"16\" width=\"16\" alt=\"\ud83d\udc49\ud83c\udffe\" src=\"https:\/\/static.xx.fbcdn.net\/images\/emoji.php\/v9\/t8f\/1\/16\/1f449_1f3fe.png\">Tambi\u00e9n puedes ingresar a trav\u00e9s de nuestra p\u00e1gina web:<a href=\"https:\/\/l.facebook.com\/l.php?u=http%3A%2F%2Fwww.daad.co%2F%3Ffbclid%3DIwAR3k3do5t-DxxdaKhNikjc0iOVXEtm8TfS4XPKZnKoKrHS9IiiKWpvalxbI&amp;h=AT28ltxaYfXbpdY6bq9jhGgbCck-tIWVztCOykI0PMUfyH_rXmqI1-SP3lb0nXMmh-Qf8fYfRm4xkERRdcaxnUV8LTzonkgZLbGOPnKTr8WUKyneEgS5fqiF6vlgizgbgg&amp;__tn__=-UK-R&amp;c[0]=AT0quft8y7Uil_TzkmFtSGsdYXMWL72QxsDQ8eaiNM9O_dgCiOG1b3oOJSGH-U72PVAi5qDpcD5dWJPrNhgptESSxr27MXhmNrfPwb1cDKyLZXA5aR8CGDivBBhMzZypIgeYxerPkwVQCUKUufOR6HRfJ9lKSDfArTXGqjTNVPE7iAtYWA\" rel=\"noreferrer noopener\" target=\"_blank\">www.daad.co<\/a> &gt; Secci\u00f3n \u00bfQui\u00e9nes somos? &gt; Eventos y charlas programadas<img loading=\"lazy\" decoding=\"async\" height=\"16\" width=\"16\" alt=\"\ud83d\ude4f\ud83c\udffe\" src=\"https:\/\/static.xx.fbcdn.net\/images\/emoji.php\/v9\/t7e\/1\/16\/1f64f_1f3fe.png\">Con\u00e9ctate desde el inicio de la sesi\u00f3n, para informarte de manera completa.<\/p>\n","protected":false},"excerpt":{"rendered":"<p>Puedes hacer tu Doctorado completo o estancia de investigaci\u00f3n doctoral en Alemania, totalmente pago por el DAAD!!! Participa en nuestra sesi\u00f3n virtual: Jueves 17 de agosto, 4:00 p.m.Los enlaces de acceso a la plataforma WebEx est\u00e1n en:https:\/\/bit.ly\/eventosDAADTambi\u00e9n puedes ingresar a trav\u00e9s de nuestra p\u00e1gina web:www.daad.co &gt; Secci\u00f3n \u00bfQui\u00e9nes somos? &gt; Eventos y charlas programadasCon\u00e9ctate desde [&hellip;]<\/p>\n","protected":false},"author":2,"featured_media":616,"comment_status":"closed","ping_status":"closed","sticky":false,"template":"","format":"standard","meta":{"footnotes":""},"categories":[19,6,73],"tags":[174,171,172,90,176,173],"class_list":["post-615","post","type-post","status-publish","format-standard","has-post-thumbnail","hentry","category-becas","category-noticias","category-webinar","tag-alemania","tag-becas","tag-doctorado","tag-estudios","tag-internacional","tag-investigacion-2"],"_links":{"self":[{"href":"https:\/\/ucentral.org\/informativo\/index.php\/wp-json\/wp\/v2\/posts\/615","targetHints":{"allow":["GET"]}}],"collection":[{"href":"https:\/\/ucentral.org\/informativo\/index.php\/wp-json\/wp\/v2\/posts"}],"about":[{"href":"https:\/\/ucentral.org\/informativo\/index.php\/wp-json\/wp\/v2\/types\/post"}],"author":[{"embeddable":true,"href":"https:\/\/ucentral.org\/informativo\/index.php\/wp-json\/wp\/v2\/users\/2"}],"replies":[{"embeddable":true,"href":"https:\/\/ucentral.org\/informativo\/index.php\/wp-json\/wp\/v2\/comments?post=615"}],"version-history":[{"count":1,"href":"https:\/\/ucentral.org\/informativo\/index.php\/wp-json\/wp\/v2\/posts\/615\/revisions"}],"predecessor-version":[{"id":617,"href":"https:\/\/ucentral.org\/informativo\/index.php\/wp-json\/wp\/v2\/posts\/615\/revisions\/617"}],"wp:featuredmedia":[{"embeddable":true,"href":"https:\/\/ucentral.org\/informativo\/index.php\/wp-json\/wp\/v2\/media\/616"}],"wp:attachment":[{"href":"https:\/\/ucentral.org\/informativo\/index.php\/wp-json\/wp\/v2\/media?parent=615"}],"wp:term":[{"taxonomy":"category","embeddable":true,"href":"https:\/\/ucentral.org\/informativo\/index.php\/wp-json\/wp\/v2\/categories?post=615"},{"taxonomy":"post_tag","embeddable":true,"href":"https:\/\/ucentral.org\/informativo\/index.php\/wp-json\/wp\/v2\/tags?post=615"}],"curies":[{"name":"wp","href":"https:\/\/api.w.org\/{rel}","templated":true}]}}