{"id":818,"date":"2024-02-07T08:39:31","date_gmt":"2024-02-07T13:39:31","guid":{"rendered":"https:\/\/ucentral.org\/informativo\/?p=818"},"modified":"2024-03-22T20:52:04","modified_gmt":"2024-03-23T01:52:04","slug":"invitacion-reunion-informativa-sobre-el-proceso-de-titulacion-periodo-2024-2024","status":"publish","type":"post","link":"https:\/\/ucentral.org\/informativo\/index.php\/2024\/02\/07\/invitacion-reunion-informativa-sobre-el-proceso-de-titulacion-periodo-2024-2024\/","title":{"rendered":"Invitaci\u00f3n: Reuni\u00f3n informativa sobre el proceso de titulaci\u00f3n per\u00edodo 2024-2024"},"content":{"rendered":"\n<p><strong>Invitaci\u00f3n: Reuni\u00f3n informativa sobre el proceso de titulaci\u00f3n per\u00edodo 2024-2024<\/strong><\/p>\n\n\n\n<p>Estimados estudiantes,<\/p>\n\n\n\n<p>En cumplimiento del cronograma del proceso de titulaci\u00f3n per\u00edodo 2024-2024, me permito extenderles la invitaci\u00f3n a la reuni\u00f3n informativa a realizarse en las instalaciones de la Facultad el jueves 8 de febrero a las 8:30 horas.<\/p>\n\n\n\n<p>Para las personas que no puedan asistir, se enviar\u00e1 la informaci\u00f3n a los correos consignados durante el proceso de registro a trav\u00e9s del sistema SIIU.<\/p>\n\n\n\n<p>Saludos,<\/p>\n\n\n\n<p><strong>Facultad&nbsp;de&nbsp;Ciencias<\/strong><\/p>\n","protected":false},"excerpt":{"rendered":"<p>Invitaci\u00f3n: Reuni\u00f3n informativa sobre el proceso de titulaci\u00f3n per\u00edodo 2024-2024 Estimados estudiantes, En cumplimiento del cronograma del proceso de titulaci\u00f3n per\u00edodo 2024-2024, me permito extenderles la invitaci\u00f3n a la reuni\u00f3n informativa a realizarse en las instalaciones de la Facultad el jueves 8 de febrero a las 8:30 horas. Para las personas que no puedan asistir, [&hellip;]<\/p>\n","protected":false},"author":2,"featured_media":821,"comment_status":"closed","ping_status":"closed","sticky":false,"template":"","format":"standard","meta":{"footnotes":""},"categories":[164,6,129],"tags":[130],"class_list":["post-818","post","type-post","status-publish","format-standard","has-post-thumbnail","hentry","category-eventos","category-noticias","category-titulacion","tag-titulacion"],"_links":{"self":[{"href":"https:\/\/ucentral.org\/informativo\/index.php\/wp-json\/wp\/v2\/posts\/818","targetHints":{"allow":["GET"]}}],"collection":[{"href":"https:\/\/ucentral.org\/informativo\/index.php\/wp-json\/wp\/v2\/posts"}],"about":[{"href":"https:\/\/ucentral.org\/informativo\/index.php\/wp-json\/wp\/v2\/types\/post"}],"author":[{"embeddable":true,"href":"https:\/\/ucentral.org\/informativo\/index.php\/wp-json\/wp\/v2\/users\/2"}],"replies":[{"embeddable":true,"href":"https:\/\/ucentral.org\/informativo\/index.php\/wp-json\/wp\/v2\/comments?post=818"}],"version-history":[{"count":2,"href":"https:\/\/ucentral.org\/informativo\/index.php\/wp-json\/wp\/v2\/posts\/818\/revisions"}],"predecessor-version":[{"id":820,"href":"https:\/\/ucentral.org\/informativo\/index.php\/wp-json\/wp\/v2\/posts\/818\/revisions\/820"}],"wp:featuredmedia":[{"embeddable":true,"href":"https:\/\/ucentral.org\/informativo\/index.php\/wp-json\/wp\/v2\/media\/821"}],"wp:attachment":[{"href":"https:\/\/ucentral.org\/informativo\/index.php\/wp-json\/wp\/v2\/media?parent=818"}],"wp:term":[{"taxonomy":"category","embeddable":true,"href":"https:\/\/ucentral.org\/informativo\/index.php\/wp-json\/wp\/v2\/categories?post=818"},{"taxonomy":"post_tag","embeddable":true,"href":"https:\/\/ucentral.org\/informativo\/index.php\/wp-json\/wp\/v2\/tags?post=818"}],"curies":[{"name":"wp","href":"https:\/\/api.w.org\/{rel}","templated":true}]}}