{"id":822,"date":"2024-02-08T09:19:35","date_gmt":"2024-02-08T14:19:35","guid":{"rendered":"https:\/\/ucentral.org\/informativo\/?p=822"},"modified":"2024-03-22T20:52:16","modified_gmt":"2024-03-23T01:52:16","slug":"charla-informativa-proceso-de-titulacion-2024-2024","status":"publish","type":"post","link":"https:\/\/ucentral.org\/informativo\/index.php\/2024\/02\/08\/charla-informativa-proceso-de-titulacion-2024-2024\/","title":{"rendered":"Charla Informativa Proceso de Titulaci\u00f3n 2024-2024"},"content":{"rendered":"\n<p>En las instalaciones de la biblioteca de la Facultad de Ciencias se realiz\u00f3 la charla informativa sobre el proceso de titulaci\u00f3n 2024-2024, con la asistencia de 13 estudiantes, la secretaria de la Facultad Geovanna Guacham\u00edn y Franz Del Pozo.<\/p>\n\n\n\n<p><\/p>\n","protected":false},"excerpt":{"rendered":"<p>En las instalaciones de la biblioteca de la Facultad de Ciencias se realiz\u00f3 la charla informativa sobre el proceso de titulaci\u00f3n 2024-2024, con la asistencia de 13 estudiantes, la secretaria de la Facultad Geovanna Guacham\u00edn y Franz Del Pozo.<\/p>\n","protected":false},"author":2,"featured_media":823,"comment_status":"closed","ping_status":"closed","sticky":false,"template":"","format":"standard","meta":{"footnotes":""},"categories":[164,6,129],"tags":[130],"class_list":["post-822","post","type-post","status-publish","format-standard","has-post-thumbnail","hentry","category-eventos","category-noticias","category-titulacion","tag-titulacion"],"_links":{"self":[{"href":"https:\/\/ucentral.org\/informativo\/index.php\/wp-json\/wp\/v2\/posts\/822","targetHints":{"allow":["GET"]}}],"collection":[{"href":"https:\/\/ucentral.org\/informativo\/index.php\/wp-json\/wp\/v2\/posts"}],"about":[{"href":"https:\/\/ucentral.org\/informativo\/index.php\/wp-json\/wp\/v2\/types\/post"}],"author":[{"embeddable":true,"href":"https:\/\/ucentral.org\/informativo\/index.php\/wp-json\/wp\/v2\/users\/2"}],"replies":[{"embeddable":true,"href":"https:\/\/ucentral.org\/informativo\/index.php\/wp-json\/wp\/v2\/comments?post=822"}],"version-history":[{"count":2,"href":"https:\/\/ucentral.org\/informativo\/index.php\/wp-json\/wp\/v2\/posts\/822\/revisions"}],"predecessor-version":[{"id":825,"href":"https:\/\/ucentral.org\/informativo\/index.php\/wp-json\/wp\/v2\/posts\/822\/revisions\/825"}],"wp:featuredmedia":[{"embeddable":true,"href":"https:\/\/ucentral.org\/informativo\/index.php\/wp-json\/wp\/v2\/media\/823"}],"wp:attachment":[{"href":"https:\/\/ucentral.org\/informativo\/index.php\/wp-json\/wp\/v2\/media?parent=822"}],"wp:term":[{"taxonomy":"category","embeddable":true,"href":"https:\/\/ucentral.org\/informativo\/index.php\/wp-json\/wp\/v2\/categories?post=822"},{"taxonomy":"post_tag","embeddable":true,"href":"https:\/\/ucentral.org\/informativo\/index.php\/wp-json\/wp\/v2\/tags?post=822"}],"curies":[{"name":"wp","href":"https:\/\/api.w.org\/{rel}","templated":true}]}}