{"id":827,"date":"2024-03-17T20:23:11","date_gmt":"2024-03-18T01:23:11","guid":{"rendered":"https:\/\/ucentral.org\/informativo\/?p=827"},"modified":"2024-03-22T20:52:31","modified_gmt":"2024-03-23T01:52:31","slug":"celebrando-un-nuevo-capitulo-en-la-historia-de-la-universidad-central-del-ecuador","status":"publish","type":"post","link":"https:\/\/ucentral.org\/informativo\/index.php\/2024\/03\/17\/celebrando-un-nuevo-capitulo-en-la-historia-de-la-universidad-central-del-ecuador\/","title":{"rendered":"Celebrando un Nuevo Cap\u00edtulo en la Historia de la Universidad Central del Ecuador"},"content":{"rendered":"\n<p>Este 18 de marzo de 2024, la <strong>Universidad Central del Ecuador<\/strong>, la instituci\u00f3n de educaci\u00f3n superior m\u00e1s importante y antigua de nuestro pa\u00eds, celebra otro a\u00f1o m\u00e1s desde su fundaci\u00f3n. Con 198 a\u00f1os de excelencia acad\u00e9mica, la universidad ha sido y contin\u00faa siendo un faro de conocimiento, formando l\u00edderes y profesionales que han contribuido significativamente al desarrollo de Ecuador y m\u00e1s all\u00e1 de nuestras fronteras.<\/p>\n\n\n\n<p>Con el nuevo liderazgo del <strong>Dr. Patricio Espinosa Del Pozo<\/strong>, la Universidad Central inicia una nueva etapa de transformaci\u00f3n; comprometido a implementar cambios profundos que permita a la Universidad posicionarse como un referente de la ciencia y la academia, tanto a nivel nacional como internacional; sin dejar de lado la responsabilidad social con la comunidad. <\/p>\n\n\n\n<p>Expresamos nuestros mejores deseos de \u00e9xito a las nuevas autoridades y confiamos en que su gesti\u00f3n llevar\u00e1 a la Universidad Central hacia nuevos horizontes de conocimiento y servicio a la sociedad.<\/p>\n\n\n\n<p>\u00a1Feliz aniversario, Universidad Central del Ecuador! Juntos, continuaremos construyendo un legado de excelencia para las futuras generaciones.<\/p>\n\n\n\n<figure class=\"wp-block-table is-style-stripes\"><table><tbody><tr><td><strong>Franz Del Pozo S\u00e1nchez<\/strong><\/td><td><strong>PhD. Guillermo Albuja<\/strong><\/td><td><strong>Ab. Grace&nbsp;Guerrero Agila<\/strong><\/td><td><strong>Adriana Maldonado<\/strong><\/td><\/tr><tr><td><strong>DECANO  <\/strong><\/td><td><strong>VICEDECANO<\/strong><\/td><td><strong>SECRETARIA ABOGADA<\/strong><\/td><td><strong>PRESIDENTE ASO. EST. CIENCIAS<\/strong><\/td><\/tr><\/tbody><\/table><\/figure>\n\n\n\n<p class=\"has-text-align-center\"><strong>    Adelante!! Adelante!! Adelante!! Universidad!! En el tiempo en el espacio tu nombre sonar\u00e1!!<\/strong><\/p>\n\n\n\n<p class=\"has-text-align-center\"><b>\u00a1\u00a1\u00a1UNIVERSIDA<\/b><strong>D CENTRAL!!!<\/strong><\/p>\n\n\n\n<p class=\"has-text-align-center\"><strong>FACULTAD DE CIENCIAS<\/strong><\/p>\n","protected":false},"excerpt":{"rendered":"<p>Este 18 de marzo de 2024, la Universidad Central del Ecuador, la instituci\u00f3n de educaci\u00f3n superior m\u00e1s importante y antigua de nuestro pa\u00eds, celebra otro a\u00f1o m\u00e1s desde su fundaci\u00f3n. Con 198 a\u00f1os de excelencia acad\u00e9mica, la universidad ha sido y contin\u00faa siendo un faro de conocimiento, formando l\u00edderes y profesionales que han contribuido significativamente [&hellip;]<\/p>\n","protected":false},"author":2,"featured_media":828,"comment_status":"closed","ping_status":"closed","sticky":false,"template":"","format":"standard","meta":{"footnotes":""},"categories":[164,6],"tags":[185,184,186,183],"class_list":["post-827","post","type-post","status-publish","format-standard","has-post-thumbnail","hentry","category-eventos","category-noticias","tag-198-anos","tag-central-del-ecuador","tag-fundacion","tag-universidad"],"_links":{"self":[{"href":"https:\/\/ucentral.org\/informativo\/index.php\/wp-json\/wp\/v2\/posts\/827","targetHints":{"allow":["GET"]}}],"collection":[{"href":"https:\/\/ucentral.org\/informativo\/index.php\/wp-json\/wp\/v2\/posts"}],"about":[{"href":"https:\/\/ucentral.org\/informativo\/index.php\/wp-json\/wp\/v2\/types\/post"}],"author":[{"embeddable":true,"href":"https:\/\/ucentral.org\/informativo\/index.php\/wp-json\/wp\/v2\/users\/2"}],"replies":[{"embeddable":true,"href":"https:\/\/ucentral.org\/informativo\/index.php\/wp-json\/wp\/v2\/comments?post=827"}],"version-history":[{"count":3,"href":"https:\/\/ucentral.org\/informativo\/index.php\/wp-json\/wp\/v2\/posts\/827\/revisions"}],"predecessor-version":[{"id":832,"href":"https:\/\/ucentral.org\/informativo\/index.php\/wp-json\/wp\/v2\/posts\/827\/revisions\/832"}],"wp:featuredmedia":[{"embeddable":true,"href":"https:\/\/ucentral.org\/informativo\/index.php\/wp-json\/wp\/v2\/media\/828"}],"wp:attachment":[{"href":"https:\/\/ucentral.org\/informativo\/index.php\/wp-json\/wp\/v2\/media?parent=827"}],"wp:term":[{"taxonomy":"category","embeddable":true,"href":"https:\/\/ucentral.org\/informativo\/index.php\/wp-json\/wp\/v2\/categories?post=827"},{"taxonomy":"post_tag","embeddable":true,"href":"https:\/\/ucentral.org\/informativo\/index.php\/wp-json\/wp\/v2\/tags?post=827"}],"curies":[{"name":"wp","href":"https:\/\/api.w.org\/{rel}","templated":true}]}}