{"id":842,"date":"2024-03-22T20:23:57","date_gmt":"2024-03-23T01:23:57","guid":{"rendered":"https:\/\/ucentral.org\/informativo\/?p=842"},"modified":"2024-03-25T13:24:54","modified_gmt":"2024-03-25T18:24:54","slug":"curso-de-nivelacion-2023-2024-de-la-facultad-de-ciencias","status":"publish","type":"post","link":"https:\/\/ucentral.org\/informativo\/index.php\/2024\/03\/22\/curso-de-nivelacion-2023-2024-de-la-facultad-de-ciencias\/","title":{"rendered":"Curso de Nivelaci\u00f3n 2023-2024 de la Facultad de Ciencias"},"content":{"rendered":"\n<p>El pasado 27 de noviembre de 2023, un total de 154 aspirantes iniciaron sus actividades acad\u00e9micas en el Curso de Nivelaci\u00f3n de la Facultad de Ciencias de la Universidad Central del Ecuador. Debido a la alta demanda estudiantil, se abrieron cuatro paralelos, dos en horario matutino y dos en horario vespertino.<\/p>\n\n\n\n<p>Los estudiantes recibieron clases en diversas disciplinas, tales como Matem\u00e1tica, F\u00edsica, Geometr\u00eda, \u00c9tica y Pensamiento Universitario, impartidas por una planta docente altamente calificada. Los 10 profesores seleccionados por sus perfiles profesionales de alto nivel cient\u00edfico y su pasi\u00f3n por la ense\u00f1anza fueron los encargados de nivelar los conocimientos de los aspirantes en esta etapa inicial de su formaci\u00f3n acad\u00e9mica, quienes se incorporar\u00e1n a la Facultad de Ciencias para el per\u00edodo acad\u00e9mico 2024-2024. <\/p>\n\n\n\n<p>Desde la Coordinaci\u00f3n del Curso de Nivelaci\u00f3n, el M.Sc. Hern\u00e1n Aules C., desea expresar sus mejores deseos de \u00e9xito a este nuevo grupo de estudiantes. <\/p>\n\n\n\n<p class=\"has-text-align-center\"><strong><em>\u00a1La planta docente y autoridades de la Facultad de Ciencias est\u00e1n comprometidas con la formaci\u00f3n de profesionales altamente capacitados, capaces de afrontar los desaf\u00edos de un mundo en constante cambio y hace extensiva una cordial bienvenida a todos nuestros nuevos estudiantes!<\/em><\/strong><\/p>\n","protected":false},"excerpt":{"rendered":"<p>El pasado 27 de noviembre de 2023, un total de 154 aspirantes iniciaron sus actividades acad\u00e9micas en el Curso de Nivelaci\u00f3n de la Facultad de Ciencias de la Universidad Central del Ecuador. Debido a la alta demanda estudiantil, se abrieron cuatro paralelos, dos en horario matutino y dos en horario vespertino. Los estudiantes recibieron clases [&hellip;]<\/p>\n","protected":false},"author":2,"featured_media":843,"comment_status":"closed","ping_status":"closed","sticky":false,"template":"","format":"standard","meta":{"footnotes":""},"categories":[164,191,6],"tags":[193,192],"class_list":["post-842","post","type-post","status-publish","format-standard","has-post-thumbnail","hentry","category-eventos","category-nivelacion","category-noticias","tag-2023-2024","tag-nivelacion"],"_links":{"self":[{"href":"https:\/\/ucentral.org\/informativo\/index.php\/wp-json\/wp\/v2\/posts\/842","targetHints":{"allow":["GET"]}}],"collection":[{"href":"https:\/\/ucentral.org\/informativo\/index.php\/wp-json\/wp\/v2\/posts"}],"about":[{"href":"https:\/\/ucentral.org\/informativo\/index.php\/wp-json\/wp\/v2\/types\/post"}],"author":[{"embeddable":true,"href":"https:\/\/ucentral.org\/informativo\/index.php\/wp-json\/wp\/v2\/users\/2"}],"replies":[{"embeddable":true,"href":"https:\/\/ucentral.org\/informativo\/index.php\/wp-json\/wp\/v2\/comments?post=842"}],"version-history":[{"count":1,"href":"https:\/\/ucentral.org\/informativo\/index.php\/wp-json\/wp\/v2\/posts\/842\/revisions"}],"predecessor-version":[{"id":844,"href":"https:\/\/ucentral.org\/informativo\/index.php\/wp-json\/wp\/v2\/posts\/842\/revisions\/844"}],"wp:featuredmedia":[{"embeddable":true,"href":"https:\/\/ucentral.org\/informativo\/index.php\/wp-json\/wp\/v2\/media\/843"}],"wp:attachment":[{"href":"https:\/\/ucentral.org\/informativo\/index.php\/wp-json\/wp\/v2\/media?parent=842"}],"wp:term":[{"taxonomy":"category","embeddable":true,"href":"https:\/\/ucentral.org\/informativo\/index.php\/wp-json\/wp\/v2\/categories?post=842"},{"taxonomy":"post_tag","embeddable":true,"href":"https:\/\/ucentral.org\/informativo\/index.php\/wp-json\/wp\/v2\/tags?post=842"}],"curies":[{"name":"wp","href":"https:\/\/api.w.org\/{rel}","templated":true}]}}