{"id":847,"date":"2024-03-23T09:17:36","date_gmt":"2024-03-23T14:17:36","guid":{"rendered":"https:\/\/ucentral.org\/informativo\/?p=847"},"modified":"2024-03-25T13:24:44","modified_gmt":"2024-03-25T18:24:44","slug":"becas-para-estudios-de-posgrado-en-fisica-medica-universidad-de-florida","status":"publish","type":"post","link":"https:\/\/ucentral.org\/informativo\/index.php\/2024\/03\/23\/becas-para-estudios-de-posgrado-en-fisica-medica-universidad-de-florida\/","title":{"rendered":"BECAS PARA ESTUDIOS DE POSGRADO EN F\u00cdSICA M\u00c9DICA UNIVERSIDAD DE FLORIDA"},"content":{"rendered":"\n<p>Como parte de los esfuerzos y expansi\u00f3n del Programa de Posgrado en F\u00edsica Medica de la Universidad de Florida, tenemos varias becas ayudant\u00eda para estudios en F\u00edsica de Radiodiagn\u00f3stico e Imagenolog\u00eda para estudios de Maestr\u00eda y queremos compartir la convocatoria con la membres\u00eda de ALFIM, con la intenci\u00f3n de abrir las puertas a j\u00f3venes en Latinoam\u00e9rica. Los cursos inician en Septiembre 2024; dichas becas pueden ser extendidas para continuar con estudios de doctorado. Adjunto el anuncio en ingl\u00e9s.<\/p>\n\n\n\n<figure class=\"wp-block-image size-full\"><img loading=\"lazy\" decoding=\"async\" width=\"465\" height=\"630\" src=\"https:\/\/ucentral.org\/informativo\/wp-content\/uploads\/2024\/03\/UniversidadFloridaFisicaMedicaBeca.png\" alt=\"\" class=\"wp-image-848\" srcset=\"https:\/\/ucentral.org\/informativo\/wp-content\/uploads\/2024\/03\/UniversidadFloridaFisicaMedicaBeca.png 465w, https:\/\/ucentral.org\/informativo\/wp-content\/uploads\/2024\/03\/UniversidadFloridaFisicaMedicaBeca-221x300.png 221w\" sizes=\"auto, (max-width: 465px) 100vw, 465px\" \/><\/figure>\n\n\n\n<p><\/p>\n","protected":false},"excerpt":{"rendered":"<p>Como parte de los esfuerzos y expansi\u00f3n del Programa de Posgrado en F\u00edsica Medica de la Universidad de Florida, tenemos varias becas ayudant\u00eda para estudios en F\u00edsica de Radiodiagn\u00f3stico e Imagenolog\u00eda para estudios de Maestr\u00eda y queremos compartir la convocatoria con la membres\u00eda de ALFIM, con la intenci\u00f3n de abrir las puertas a j\u00f3venes en [&hellip;]<\/p>\n","protected":false},"author":2,"featured_media":849,"comment_status":"closed","ping_status":"closed","sticky":false,"template":"","format":"standard","meta":{"footnotes":""},"categories":[19,6],"tags":[171,194,195,196],"class_list":["post-847","post","type-post","status-publish","format-standard","has-post-thumbnail","hentry","category-becas","category-noticias","tag-becas","tag-fisica-2","tag-medica","tag-universidad-de-florida"],"_links":{"self":[{"href":"https:\/\/ucentral.org\/informativo\/index.php\/wp-json\/wp\/v2\/posts\/847","targetHints":{"allow":["GET"]}}],"collection":[{"href":"https:\/\/ucentral.org\/informativo\/index.php\/wp-json\/wp\/v2\/posts"}],"about":[{"href":"https:\/\/ucentral.org\/informativo\/index.php\/wp-json\/wp\/v2\/types\/post"}],"author":[{"embeddable":true,"href":"https:\/\/ucentral.org\/informativo\/index.php\/wp-json\/wp\/v2\/users\/2"}],"replies":[{"embeddable":true,"href":"https:\/\/ucentral.org\/informativo\/index.php\/wp-json\/wp\/v2\/comments?post=847"}],"version-history":[{"count":1,"href":"https:\/\/ucentral.org\/informativo\/index.php\/wp-json\/wp\/v2\/posts\/847\/revisions"}],"predecessor-version":[{"id":850,"href":"https:\/\/ucentral.org\/informativo\/index.php\/wp-json\/wp\/v2\/posts\/847\/revisions\/850"}],"wp:featuredmedia":[{"embeddable":true,"href":"https:\/\/ucentral.org\/informativo\/index.php\/wp-json\/wp\/v2\/media\/849"}],"wp:attachment":[{"href":"https:\/\/ucentral.org\/informativo\/index.php\/wp-json\/wp\/v2\/media?parent=847"}],"wp:term":[{"taxonomy":"category","embeddable":true,"href":"https:\/\/ucentral.org\/informativo\/index.php\/wp-json\/wp\/v2\/categories?post=847"},{"taxonomy":"post_tag","embeddable":true,"href":"https:\/\/ucentral.org\/informativo\/index.php\/wp-json\/wp\/v2\/tags?post=847"}],"curies":[{"name":"wp","href":"https:\/\/api.w.org\/{rel}","templated":true}]}}