{"id":851,"date":"2024-03-24T13:24:46","date_gmt":"2024-03-24T18:24:46","guid":{"rendered":"https:\/\/ucentral.org\/informativo\/?p=851"},"modified":"2024-03-25T13:24:33","modified_gmt":"2024-03-25T18:24:33","slug":"mejoras-tecnologicas-en-la-facultad-de-ciencia","status":"publish","type":"post","link":"https:\/\/ucentral.org\/informativo\/index.php\/2024\/03\/24\/mejoras-tecnologicas-en-la-facultad-de-ciencia\/","title":{"rendered":"Mejoras Tecnol\u00f3gicas en la Facultad de Ciencias"},"content":{"rendered":"\n<p>En una iniciativa conjunta, las autoridades de la Facultad de Ciencias han estado trabajando estrechamente con el director Ing. Mario Morales de la Direcci\u00f3n de Tecnolog\u00edas de la Informaci\u00f3n y Comunicaci\u00f3n (DTIC) para modernizar en el corto plazo las condiciones tecnol\u00f3gicas de nuestros espacios.<\/p>\n\n\n\n<p>De forma emergente se mejorar\u00e1 la conectividad a Internet y se adquirir\u00e1 una nueva impresora para mejorar las condiciones de trabajo del personal administrativo y docente de la Facultad.<\/p>\n","protected":false},"excerpt":{"rendered":"<p>En una iniciativa conjunta, las autoridades de la Facultad de Ciencias han estado trabajando estrechamente con el director Ing. Mario Morales de la Direcci\u00f3n de Tecnolog\u00edas de la Informaci\u00f3n y Comunicaci\u00f3n (DTIC) para modernizar en el corto plazo las condiciones tecnol\u00f3gicas de nuestros espacios. De forma emergente se mejorar\u00e1 la conectividad a Internet y se [&hellip;]<\/p>\n","protected":false},"author":2,"featured_media":852,"comment_status":"closed","ping_status":"closed","sticky":false,"template":"","format":"standard","meta":{"footnotes":""},"categories":[197,6],"tags":[199,198],"class_list":["post-851","post","type-post","status-publish","format-standard","has-post-thumbnail","hentry","category-gestion","category-noticias","tag-decanato","tag-dtic"],"_links":{"self":[{"href":"https:\/\/ucentral.org\/informativo\/index.php\/wp-json\/wp\/v2\/posts\/851","targetHints":{"allow":["GET"]}}],"collection":[{"href":"https:\/\/ucentral.org\/informativo\/index.php\/wp-json\/wp\/v2\/posts"}],"about":[{"href":"https:\/\/ucentral.org\/informativo\/index.php\/wp-json\/wp\/v2\/types\/post"}],"author":[{"embeddable":true,"href":"https:\/\/ucentral.org\/informativo\/index.php\/wp-json\/wp\/v2\/users\/2"}],"replies":[{"embeddable":true,"href":"https:\/\/ucentral.org\/informativo\/index.php\/wp-json\/wp\/v2\/comments?post=851"}],"version-history":[{"count":2,"href":"https:\/\/ucentral.org\/informativo\/index.php\/wp-json\/wp\/v2\/posts\/851\/revisions"}],"predecessor-version":[{"id":854,"href":"https:\/\/ucentral.org\/informativo\/index.php\/wp-json\/wp\/v2\/posts\/851\/revisions\/854"}],"wp:featuredmedia":[{"embeddable":true,"href":"https:\/\/ucentral.org\/informativo\/index.php\/wp-json\/wp\/v2\/media\/852"}],"wp:attachment":[{"href":"https:\/\/ucentral.org\/informativo\/index.php\/wp-json\/wp\/v2\/media?parent=851"}],"wp:term":[{"taxonomy":"category","embeddable":true,"href":"https:\/\/ucentral.org\/informativo\/index.php\/wp-json\/wp\/v2\/categories?post=851"},{"taxonomy":"post_tag","embeddable":true,"href":"https:\/\/ucentral.org\/informativo\/index.php\/wp-json\/wp\/v2\/tags?post=851"}],"curies":[{"name":"wp","href":"https:\/\/api.w.org\/{rel}","templated":true}]}}