{"id":858,"date":"2024-03-25T13:23:49","date_gmt":"2024-03-25T18:23:49","guid":{"rendered":"https:\/\/ucentral.org\/informativo\/?p=858"},"modified":"2024-03-25T13:23:50","modified_gmt":"2024-03-25T18:23:50","slug":"recordatorio-cronograma-proceso-de-titulacion-2024-2024","status":"publish","type":"post","link":"https:\/\/ucentral.org\/informativo\/index.php\/2024\/03\/25\/recordatorio-cronograma-proceso-de-titulacion-2024-2024\/","title":{"rendered":"Recordatorio: Cronograma proceso de Titulaci\u00f3n 2024-2024"},"content":{"rendered":"\n<p>La Universidad Central del Ecuador convoca a los estudiantes que tienen menos de diez a\u00f1os de<br>haber culminado su malla curricular, o van a cursar el \u00faltimo semestre de la Carrera en el per\u00edodo<br>acad\u00e9mico 2024-2024, a participar en el proceso de titulaci\u00f3n per\u00edodo 2024-2024.<\/p>\n\n\n\n<div data-wp-interactive=\"core\/file\" class=\"wp-block-file\"><object data-wp-bind--hidden=\"!state.hasPdfPreview\" hidden class=\"wp-block-file__embed\" data=\"https:\/\/ucentral.org\/informativo\/wp-content\/uploads\/2024\/03\/cronograma-convocatoria-proceso-de-titulacion-24-24.pdf\" type=\"application\/pdf\" style=\"width:100%;height:600px\" aria-label=\"Incrustado de cronograma-convocatoria-proceso-de-titulacion-24-24.\"><\/object><a id=\"wp-block-file--media-272c9b3d-a3e1-45d8-b8ef-09b90aafc70d\" href=\"https:\/\/ucentral.org\/informativo\/wp-content\/uploads\/2024\/03\/cronograma-convocatoria-proceso-de-titulacion-24-24.pdf\">cronograma-convocatoria-proceso-de-titulacion-24-24<\/a><a href=\"https:\/\/ucentral.org\/informativo\/wp-content\/uploads\/2024\/03\/cronograma-convocatoria-proceso-de-titulacion-24-24.pdf\" class=\"wp-block-file__button wp-element-button\" download aria-describedby=\"wp-block-file--media-272c9b3d-a3e1-45d8-b8ef-09b90aafc70d\">Descargar<\/a><\/div>\n","protected":false},"excerpt":{"rendered":"<p>La Universidad Central del Ecuador convoca a los estudiantes que tienen menos de diez a\u00f1os dehaber culminado su malla curricular, o van a cursar el \u00faltimo semestre de la Carrera en el per\u00edodoacad\u00e9mico 2024-2024, a participar en el proceso de titulaci\u00f3n per\u00edodo 2024-2024.<\/p>\n","protected":false},"author":2,"featured_media":0,"comment_status":"closed","ping_status":"closed","sticky":false,"template":"","format":"standard","meta":{"footnotes":""},"categories":[6,129],"tags":[20,135],"class_list":["post-858","post","type-post","status-publish","format-standard","hentry","category-noticias","category-titulacion","tag-convocatoria","tag-titulacion-2"],"_links":{"self":[{"href":"https:\/\/ucentral.org\/informativo\/index.php\/wp-json\/wp\/v2\/posts\/858","targetHints":{"allow":["GET"]}}],"collection":[{"href":"https:\/\/ucentral.org\/informativo\/index.php\/wp-json\/wp\/v2\/posts"}],"about":[{"href":"https:\/\/ucentral.org\/informativo\/index.php\/wp-json\/wp\/v2\/types\/post"}],"author":[{"embeddable":true,"href":"https:\/\/ucentral.org\/informativo\/index.php\/wp-json\/wp\/v2\/users\/2"}],"replies":[{"embeddable":true,"href":"https:\/\/ucentral.org\/informativo\/index.php\/wp-json\/wp\/v2\/comments?post=858"}],"version-history":[{"count":1,"href":"https:\/\/ucentral.org\/informativo\/index.php\/wp-json\/wp\/v2\/posts\/858\/revisions"}],"predecessor-version":[{"id":860,"href":"https:\/\/ucentral.org\/informativo\/index.php\/wp-json\/wp\/v2\/posts\/858\/revisions\/860"}],"wp:attachment":[{"href":"https:\/\/ucentral.org\/informativo\/index.php\/wp-json\/wp\/v2\/media?parent=858"}],"wp:term":[{"taxonomy":"category","embeddable":true,"href":"https:\/\/ucentral.org\/informativo\/index.php\/wp-json\/wp\/v2\/categories?post=858"},{"taxonomy":"post_tag","embeddable":true,"href":"https:\/\/ucentral.org\/informativo\/index.php\/wp-json\/wp\/v2\/tags?post=858"}],"curies":[{"name":"wp","href":"https:\/\/api.w.org\/{rel}","templated":true}]}}