{"id":874,"date":"2024-04-01T12:19:09","date_gmt":"2024-04-01T17:19:09","guid":{"rendered":"https:\/\/ucentral.org\/informativo\/?p=874"},"modified":"2024-04-01T12:19:10","modified_gmt":"2024-04-01T17:19:10","slug":"iii-congreso-internacional-de-innovacion-docenteeducacion-y-transferencia-del-conocimiento","status":"publish","type":"post","link":"https:\/\/ucentral.org\/informativo\/index.php\/2024\/04\/01\/iii-congreso-internacional-de-innovacion-docenteeducacion-y-transferencia-del-conocimiento\/","title":{"rendered":"III Congreso Internacional de Innovaci\u00f3n Docente,Educaci\u00f3n y Transferencia del Conocimiento"},"content":{"rendered":"\n<p>El Grupo de Investigaci\u00f3n INECO y el grupo de innovaci\u00f3n docente NODOS<br>en colaboraci\u00f3n con Egregius Congresos, convocan a:<\/p>\n\n\n\n<h2 class=\"wp-block-heading\">III Congreso Internacional de Innovaci\u00f3n Docente,<br>Educaci\u00f3n y Transferencia del Conocimiento<\/h2>\n\n\n\n<p>Debates y experiencias en torno a la innovaci\u00f3n docente: visi\u00f3n actual y prospectiva<\/p>\n","protected":false},"excerpt":{"rendered":"<p>El Grupo de Investigaci\u00f3n INECO y el grupo de innovaci\u00f3n docente NODOSen colaboraci\u00f3n con Egregius Congresos, convocan a: III Congreso Internacional de Innovaci\u00f3n Docente,Educaci\u00f3n y Transferencia del Conocimiento Debates y experiencias en torno a la innovaci\u00f3n docente: visi\u00f3n actual y prospectiva<\/p>\n","protected":false},"author":2,"featured_media":875,"comment_status":"closed","ping_status":"closed","sticky":false,"template":"","format":"standard","meta":{"footnotes":""},"categories":[164,6],"tags":[89],"class_list":["post-874","post","type-post","status-publish","format-standard","has-post-thumbnail","hentry","category-eventos","category-noticias","tag-congreso"],"_links":{"self":[{"href":"https:\/\/ucentral.org\/informativo\/index.php\/wp-json\/wp\/v2\/posts\/874","targetHints":{"allow":["GET"]}}],"collection":[{"href":"https:\/\/ucentral.org\/informativo\/index.php\/wp-json\/wp\/v2\/posts"}],"about":[{"href":"https:\/\/ucentral.org\/informativo\/index.php\/wp-json\/wp\/v2\/types\/post"}],"author":[{"embeddable":true,"href":"https:\/\/ucentral.org\/informativo\/index.php\/wp-json\/wp\/v2\/users\/2"}],"replies":[{"embeddable":true,"href":"https:\/\/ucentral.org\/informativo\/index.php\/wp-json\/wp\/v2\/comments?post=874"}],"version-history":[{"count":1,"href":"https:\/\/ucentral.org\/informativo\/index.php\/wp-json\/wp\/v2\/posts\/874\/revisions"}],"predecessor-version":[{"id":876,"href":"https:\/\/ucentral.org\/informativo\/index.php\/wp-json\/wp\/v2\/posts\/874\/revisions\/876"}],"wp:featuredmedia":[{"embeddable":true,"href":"https:\/\/ucentral.org\/informativo\/index.php\/wp-json\/wp\/v2\/media\/875"}],"wp:attachment":[{"href":"https:\/\/ucentral.org\/informativo\/index.php\/wp-json\/wp\/v2\/media?parent=874"}],"wp:term":[{"taxonomy":"category","embeddable":true,"href":"https:\/\/ucentral.org\/informativo\/index.php\/wp-json\/wp\/v2\/categories?post=874"},{"taxonomy":"post_tag","embeddable":true,"href":"https:\/\/ucentral.org\/informativo\/index.php\/wp-json\/wp\/v2\/tags?post=874"}],"curies":[{"name":"wp","href":"https:\/\/api.w.org\/{rel}","templated":true}]}}