{"id":894,"date":"2024-04-12T11:09:32","date_gmt":"2024-04-12T16:09:32","guid":{"rendered":"https:\/\/ucentral.org\/informativo\/?p=894"},"modified":"2024-04-12T18:02:57","modified_gmt":"2024-04-12T23:02:57","slug":"feliz-dia-del-maestro","status":"publish","type":"post","link":"https:\/\/ucentral.org\/informativo\/index.php\/2024\/04\/12\/feliz-dia-del-maestro\/","title":{"rendered":"\u00a1Feliz d\u00eda del Maestro!"},"content":{"rendered":"\n<p class=\"has-text-align-center has-vivid-cyan-blue-color has-text-color has-link-color has-large-font-size wp-elements-6d3dd13ade0d6965c477848bcc3706f6\"><strong>La Facultad de Ciencias <\/strong><br><strong>de la Universidad Central del Ecuado<\/strong>r<\/p>\n\n\n\n<p class=\"has-text-align-center\">Quiere honrar a todos los Maestros de nuestra Prestigiosa Casona, en este d\u00eda especial a quienes con dedicaci\u00f3n, pasi\u00f3n y esfuerzo diario comparten sus conocimientos, despiertan la creatividad, motivan el aprendizaje integral, y quienes sobre todo con sus acciones y actitudes ense\u00f1an, forjan probos profesionales y buenos ciudadanos.<\/p>\n\n\n\n<p class=\"has-text-align-center\">Sabemos que su labor ardua, as\u00ed como su vocaci\u00f3n de servicio es noble y merecen nuestro respeto y agradecimiento.<\/p>\n\n\n\n<p class=\"has-text-align-center has-large-font-size\">\u00a1\u00a1Gracias por siempre maestro centralino!!<\/p>\n\n\n\n<p class=\"has-text-align-center has-large-font-size\"><strong>\u00a1Feliz d\u00eda del Maestro!<\/strong><\/p>\n","protected":false},"excerpt":{"rendered":"<p>La Facultad de Ciencias de la Universidad Central del Ecuador Quiere honrar a todos los Maestros de nuestra Prestigiosa Casona, en este d\u00eda especial a quienes con dedicaci\u00f3n, pasi\u00f3n y esfuerzo diario comparten sus conocimientos, despiertan la creatividad, motivan el aprendizaje integral, y quienes sobre todo con sus acciones y actitudes ense\u00f1an, forjan probos profesionales [&hellip;]<\/p>\n","protected":false},"author":2,"featured_media":902,"comment_status":"closed","ping_status":"closed","sticky":false,"template":"","format":"standard","meta":{"footnotes":""},"categories":[164,6],"tags":[209,208],"class_list":["post-894","post","type-post","status-publish","format-standard","has-post-thumbnail","hentry","category-eventos","category-noticias","tag-dia-del-maestro","tag-maestro"],"_links":{"self":[{"href":"https:\/\/ucentral.org\/informativo\/index.php\/wp-json\/wp\/v2\/posts\/894","targetHints":{"allow":["GET"]}}],"collection":[{"href":"https:\/\/ucentral.org\/informativo\/index.php\/wp-json\/wp\/v2\/posts"}],"about":[{"href":"https:\/\/ucentral.org\/informativo\/index.php\/wp-json\/wp\/v2\/types\/post"}],"author":[{"embeddable":true,"href":"https:\/\/ucentral.org\/informativo\/index.php\/wp-json\/wp\/v2\/users\/2"}],"replies":[{"embeddable":true,"href":"https:\/\/ucentral.org\/informativo\/index.php\/wp-json\/wp\/v2\/comments?post=894"}],"version-history":[{"count":2,"href":"https:\/\/ucentral.org\/informativo\/index.php\/wp-json\/wp\/v2\/posts\/894\/revisions"}],"predecessor-version":[{"id":899,"href":"https:\/\/ucentral.org\/informativo\/index.php\/wp-json\/wp\/v2\/posts\/894\/revisions\/899"}],"wp:featuredmedia":[{"embeddable":true,"href":"https:\/\/ucentral.org\/informativo\/index.php\/wp-json\/wp\/v2\/media\/902"}],"wp:attachment":[{"href":"https:\/\/ucentral.org\/informativo\/index.php\/wp-json\/wp\/v2\/media?parent=894"}],"wp:term":[{"taxonomy":"category","embeddable":true,"href":"https:\/\/ucentral.org\/informativo\/index.php\/wp-json\/wp\/v2\/categories?post=894"},{"taxonomy":"post_tag","embeddable":true,"href":"https:\/\/ucentral.org\/informativo\/index.php\/wp-json\/wp\/v2\/tags?post=894"}],"curies":[{"name":"wp","href":"https:\/\/api.w.org\/{rel}","templated":true}]}}