{"id":944,"date":"2024-04-29T14:48:34","date_gmt":"2024-04-29T19:48:34","guid":{"rendered":"https:\/\/ucentral.org\/informativo\/?p=944"},"modified":"2024-04-29T18:04:57","modified_gmt":"2024-04-29T23:04:57","slug":"el-caces-presento-a-la-comunidad-universitaria-de-la-uce-el-modelo-de-acreditacion-institucional-para-universidades-y-escuelas-politecnicas","status":"publish","type":"post","link":"https:\/\/ucentral.org\/informativo\/index.php\/2024\/04\/29\/el-caces-presento-a-la-comunidad-universitaria-de-la-uce-el-modelo-de-acreditacion-institucional-para-universidades-y-escuelas-politecnicas\/","title":{"rendered":"El CACES present\u00f3 a la comunidad universitaria de la UCE el modelo de acreditaci\u00f3n institucional para universidades y escuelas polit\u00e9cnicas"},"content":{"rendered":"\n<p>El d\u00eda de hoy, 29 de abril, el Consejo de Aseguramiento de la Calidad de la Educaci\u00f3n Superior (CACES) present\u00f3 a la comunidad universitaria de la Universidad Central del Ecuador el modelo de acreditaci\u00f3n institucional para universidades y escuelas polit\u00e9cnicas.<\/p>\n\n\n\n<p>El evento cont\u00f3 con la asistencia de la Dra. Ximena C\u00f3rdova, Presidente del CACES, quien explic\u00f3 los detalles del nuevo modelo de acreditaci\u00f3n, el cual busca fortalecer la calidad acad\u00e9mica de las instituciones de educaci\u00f3n superior del pa\u00eds.<\/p>\n\n\n\n<p>El modelo de acreditaci\u00f3n institucional para universidades y escuelas polit\u00e9cnicas consta de seis criterios. Cada criterio cuenta con una serie de subcriterios que permitir\u00e1n evaluar el desempe\u00f1o de las instituciones en cada una de las \u00e1reas.<\/p>\n\n\n\n<p>La Dra. C\u00f3rdova destac\u00f3 la importancia de que las universidades y escuelas polit\u00e9cnicas del Ecuador se sometan a este proceso de acreditaci\u00f3n, ya que les permitir\u00e1 identificar fortalezas y debilidades, as\u00ed como adoptar una din\u00e1mica de mejora continua de sus procesos acad\u00e9micos y administrativos.<\/p>\n\n\n\n<p>La Universidad Central del Ecuador se encuentra comprometida con la calidad educativa y la mejora continua, por lo que trabajar\u00e1 arduamente en pro de alcanzar la excelencia.<\/p>\n\n\n\n<p>Esta presentaci\u00f3n es una muestra del compromiso del CACES y de la Universidad Central del Ecuador con la calidad educativa del pa\u00eds, y representa un paso importante en el fortalecimiento de la educaci\u00f3n superior en el Ecuador.<\/p>\n\n\n\n<figure class=\"wp-block-gallery has-nested-images columns-default is-cropped wp-block-gallery-1 is-layout-flex wp-block-gallery-is-layout-flex\">\n<figure class=\"wp-block-image size-large\"><img loading=\"lazy\" decoding=\"async\" width=\"1024\" height=\"683\" data-id=\"947\" src=\"https:\/\/ucentral.org\/informativo\/wp-content\/uploads\/2024\/04\/CACES02-1024x683.jpg\" alt=\"\" class=\"wp-image-947\" srcset=\"https:\/\/ucentral.org\/informativo\/wp-content\/uploads\/2024\/04\/CACES02-1024x683.jpg 1024w, https:\/\/ucentral.org\/informativo\/wp-content\/uploads\/2024\/04\/CACES02-300x200.jpg 300w, https:\/\/ucentral.org\/informativo\/wp-content\/uploads\/2024\/04\/CACES02-768x512.jpg 768w, https:\/\/ucentral.org\/informativo\/wp-content\/uploads\/2024\/04\/CACES02.jpg 1080w\" sizes=\"auto, (max-width: 1024px) 100vw, 1024px\" \/><\/figure>\n\n\n\n<figure class=\"wp-block-image size-large\"><img loading=\"lazy\" decoding=\"async\" width=\"1024\" height=\"683\" data-id=\"948\" src=\"https:\/\/ucentral.org\/informativo\/wp-content\/uploads\/2024\/04\/CACES03-1024x683.jpg\" alt=\"\" class=\"wp-image-948\" srcset=\"https:\/\/ucentral.org\/informativo\/wp-content\/uploads\/2024\/04\/CACES03-1024x683.jpg 1024w, https:\/\/ucentral.org\/informativo\/wp-content\/uploads\/2024\/04\/CACES03-300x200.jpg 300w, https:\/\/ucentral.org\/informativo\/wp-content\/uploads\/2024\/04\/CACES03-768x512.jpg 768w, https:\/\/ucentral.org\/informativo\/wp-content\/uploads\/2024\/04\/CACES03.jpg 1080w\" sizes=\"auto, (max-width: 1024px) 100vw, 1024px\" \/><\/figure>\n<\/figure>\n","protected":false},"excerpt":{"rendered":"<p>El d\u00eda de hoy, 29 de abril, el Consejo de Aseguramiento de la Calidad de la Educaci\u00f3n Superior (CACES) present\u00f3 a la comunidad universitaria de la Universidad Central del Ecuador el modelo de acreditaci\u00f3n institucional para universidades y escuelas polit\u00e9cnicas. El evento cont\u00f3 con la asistencia de la Dra. Ximena C\u00f3rdova, Presidente del CACES, quien [&hellip;]<\/p>\n","protected":false},"author":2,"featured_media":945,"comment_status":"closed","ping_status":"closed","sticky":false,"template":"","format":"standard","meta":{"footnotes":""},"categories":[164,6],"tags":[224,223],"class_list":["post-944","post","type-post","status-publish","format-standard","has-post-thumbnail","hentry","category-eventos","category-noticias","tag-acreditacion","tag-caces"],"_links":{"self":[{"href":"https:\/\/ucentral.org\/informativo\/index.php\/wp-json\/wp\/v2\/posts\/944","targetHints":{"allow":["GET"]}}],"collection":[{"href":"https:\/\/ucentral.org\/informativo\/index.php\/wp-json\/wp\/v2\/posts"}],"about":[{"href":"https:\/\/ucentral.org\/informativo\/index.php\/wp-json\/wp\/v2\/types\/post"}],"author":[{"embeddable":true,"href":"https:\/\/ucentral.org\/informativo\/index.php\/wp-json\/wp\/v2\/users\/2"}],"replies":[{"embeddable":true,"href":"https:\/\/ucentral.org\/informativo\/index.php\/wp-json\/wp\/v2\/comments?post=944"}],"version-history":[{"count":2,"href":"https:\/\/ucentral.org\/informativo\/index.php\/wp-json\/wp\/v2\/posts\/944\/revisions"}],"predecessor-version":[{"id":950,"href":"https:\/\/ucentral.org\/informativo\/index.php\/wp-json\/wp\/v2\/posts\/944\/revisions\/950"}],"wp:featuredmedia":[{"embeddable":true,"href":"https:\/\/ucentral.org\/informativo\/index.php\/wp-json\/wp\/v2\/media\/945"}],"wp:attachment":[{"href":"https:\/\/ucentral.org\/informativo\/index.php\/wp-json\/wp\/v2\/media?parent=944"}],"wp:term":[{"taxonomy":"category","embeddable":true,"href":"https:\/\/ucentral.org\/informativo\/index.php\/wp-json\/wp\/v2\/categories?post=944"},{"taxonomy":"post_tag","embeddable":true,"href":"https:\/\/ucentral.org\/informativo\/index.php\/wp-json\/wp\/v2\/tags?post=944"}],"curies":[{"name":"wp","href":"https:\/\/api.w.org\/{rel}","templated":true}]}}